{"id":746,"date":"2019-01-03T22:05:38","date_gmt":"2019-01-03T22:05:38","guid":{"rendered":"http:\/\/forst.igbau.nrw\/?p=746"},"modified":"2019-01-05T14:34:26","modified_gmt":"2019-01-05T14:34:26","slug":"waldsterben-2-0","status":"publish","type":"post","link":"http:\/\/forst.igbau.nrw\/?p=746","title":{"rendered":"Waldsterben 2.0"},"content":{"rendered":"\n<p>&#8230; so oder \u00e4hnlich wird in der Presse \u00fcber die aktuelle Situation im Wald berichtet. Oft geschieht dies jedoch nur am Rande, Themen wie die Auswirkungen der Stickoxidbelastungen und den damit verbundenen Fahrverboten in den St\u00e4dten oder die zunehmende Verbreitung der W\u00f6lfe und die dementsprechende Diskussion in der Gesellschaft finden sich wesentlich \u00f6fter in den Schlagzeilen wieder und dann auch noch an prominenterer Stelle. <\/p>\n\n\n\n<p><strong>D<\/strong>ie katastrophalen Auswirkungen der Trockenheit im letzten Jahr und die m\u00f6glichen Langzeitfolgen sind jedoch noch l\u00e4ngst nicht im &#8222;Mainstream&#8220; angekommen.<\/p>\n\n\n\n<p>Ein Beispiel daf\u00fcr ist der Beitrag in der aktuellen Ausgabe 2019\/01 des Sternmagazins. Hier finden sich in der Rubrik Wissen und Technik ein Beitrag \u00fcber die Folgen der D\u00fcrre und dem daraus unmittelbar resultierenden gro\u00dffl\u00e4chigen Absterben der Fichte wieder. <\/p>\n\n\n\n<div class=\"wp-block-image\"><figure class=\"aligncenter\"><a href=\"https:\/\/i0.wp.com\/forst.igbau.nrw\/wp-content\/uploads\/2019\/01\/P1040856.jpg\"><img data-recalc-dims=\"1\" fetchpriority=\"high\" decoding=\"async\" width=\"225\" height=\"300\" data-attachment-id=\"771\" data-permalink=\"http:\/\/forst.igbau.nrw\/?attachment_id=771\" data-orig-file=\"https:\/\/i0.wp.com\/forst.igbau.nrw\/wp-content\/uploads\/2019\/01\/P1040856.jpg?fit=1724%2C2296\" data-orig-size=\"1724,2296\" data-comments-opened=\"1\" data-image-meta=\"{&quot;aperture&quot;:&quot;5.6&quot;,&quot;credit&quot;:&quot;Peter Wicke&quot;,&quot;camera&quot;:&quot;DMC-G81&quot;,&quot;caption&quot;:&quot;&quot;,&quot;created_timestamp&quot;:&quot;1537347938&quot;,&quot;copyright&quot;:&quot;Peter Wicke&quot;,&quot;focal_length&quot;:&quot;47&quot;,&quot;iso&quot;:&quot;100&quot;,&quot;shutter_speed&quot;:&quot;0.003125&quot;,&quot;title&quot;:&quot;&quot;,&quot;orientation&quot;:&quot;1&quot;}\" data-image-title=\"P1040856\" data-image-description=\"\" data-image-caption=\"\" data-large-file=\"https:\/\/i0.wp.com\/forst.igbau.nrw\/wp-content\/uploads\/2019\/01\/P1040856.jpg?fit=640%2C852\" src=\"https:\/\/i0.wp.com\/forst.igbau.nrw\/wp-content\/uploads\/2019\/01\/P1040856.jpg?resize=225%2C300\" alt=\"Fichte in der Eifel mit Befall durch Kupferstecher, 08\/2018\" class=\"wp-image-771\" srcset=\"https:\/\/i0.wp.com\/forst.igbau.nrw\/wp-content\/uploads\/2019\/01\/P1040856.jpg?resize=225%2C300 225w, https:\/\/i0.wp.com\/forst.igbau.nrw\/wp-content\/uploads\/2019\/01\/P1040856.jpg?resize=768%2C1023 768w, https:\/\/i0.wp.com\/forst.igbau.nrw\/wp-content\/uploads\/2019\/01\/P1040856.jpg?resize=769%2C1024 769w, https:\/\/i0.wp.com\/forst.igbau.nrw\/wp-content\/uploads\/2019\/01\/P1040856.jpg?w=1724 1724w, https:\/\/i0.wp.com\/forst.igbau.nrw\/wp-content\/uploads\/2019\/01\/P1040856.jpg?w=1280 1280w\" sizes=\"(max-width: 225px) 100vw, 225px\" \/><\/a><\/figure><\/div>\n\n\n\n<p>Immerhin auf 3 Seiten stellen die Kollegen aus NRW dem Leser allgemeinverst\u00e4ndlich dar was derzeit im Deutschen Wald passiert und welche Entwicklungen m\u00f6glicherweise noch kommen.<\/p>\n\n\n\n<p>Ein erster Schritt um die Gesellschaft zu informieren, so muss man diese Artikel sehen, nicht mehr und nicht weniger, dabei darf es aber nicht bleiben. <\/p>\n\n\n\n<p><strong>W<\/strong>ir Forstleute und Interessensvertretungen f\u00fcr den Wald sind aufgefordert unabl\u00e4ssig weiter zu informieren, im Gro\u00dfen und im Kleinen um hier ein Umdenken in unserem Handeln zu erreichen.<\/p>\n\n\n\n<p>Die Landesvertretung der IG BAU in NRW wird auch in Zukunft ihren Beitrag dazu leisten.<\/p>\n\n\n\n<br>\n","protected":false},"excerpt":{"rendered":"<p>&#8230; so oder \u00e4hnlich wird in der Presse \u00fcber die aktuelle Situation im Wald berichtet. Oft geschieht dies jedoch nur am Rande,<\/p>\n<p class=\"link-more\"><a class=\"myButt \" href=\"http:\/\/forst.igbau.nrw\/?p=746\">Weitere Infos &#8230;<\/a><\/p>\n","protected":false},"author":2,"featured_media":476,"comment_status":"open","ping_status":"open","sticky":false,"template":"","format":"standard","meta":{"ngg_post_thumbnail":0,"jetpack_post_was_ever_published":false,"_jetpack_newsletter_access":"","_jetpack_dont_email_post_to_subs":false,"_jetpack_newsletter_tier_id":0,"_jetpack_memberships_contains_paywalled_content":false,"_jetpack_memberships_contains_paid_content":false,"footnotes":"","jetpack_publicize_message":"","jetpack_publicize_feature_enabled":true,"jetpack_social_post_already_shared":false,"jetpack_social_options":{"image_generator_settings":{"template":"highway","default_image_id":0,"font":"","enabled":false},"version":2}},"categories":[5],"tags":[],"class_list":["post-746","post","type-post","status-publish","format-standard","has-post-thumbnail","hentry","category-forstwirtschaft"],"jetpack_publicize_connections":[],"jetpack_featured_media_url":"https:\/\/i0.wp.com\/forst.igbau.nrw\/wp-content\/uploads\/2017\/10\/logo_320_px.jpg?fit=320%2C121","jetpack_sharing_enabled":true,"jetpack_shortlink":"https:\/\/wp.me\/p8x7f7-c2","jetpack-related-posts":[],"_links":{"self":[{"href":"http:\/\/forst.igbau.nrw\/index.php?rest_route=\/wp\/v2\/posts\/746","targetHints":{"allow":["GET"]}}],"collection":[{"href":"http:\/\/forst.igbau.nrw\/index.php?rest_route=\/wp\/v2\/posts"}],"about":[{"href":"http:\/\/forst.igbau.nrw\/index.php?rest_route=\/wp\/v2\/types\/post"}],"author":[{"embeddable":true,"href":"http:\/\/forst.igbau.nrw\/index.php?rest_route=\/wp\/v2\/users\/2"}],"replies":[{"embeddable":true,"href":"http:\/\/forst.igbau.nrw\/index.php?rest_route=%2Fwp%2Fv2%2Fcomments&post=746"}],"version-history":[{"count":4,"href":"http:\/\/forst.igbau.nrw\/index.php?rest_route=\/wp\/v2\/posts\/746\/revisions"}],"predecessor-version":[{"id":773,"href":"http:\/\/forst.igbau.nrw\/index.php?rest_route=\/wp\/v2\/posts\/746\/revisions\/773"}],"wp:featuredmedia":[{"embeddable":true,"href":"http:\/\/forst.igbau.nrw\/index.php?rest_route=\/wp\/v2\/media\/476"}],"wp:attachment":[{"href":"http:\/\/forst.igbau.nrw\/index.php?rest_route=%2Fwp%2Fv2%2Fmedia&parent=746"}],"wp:term":[{"taxonomy":"category","embeddable":true,"href":"http:\/\/forst.igbau.nrw\/index.php?rest_route=%2Fwp%2Fv2%2Fcategories&post=746"},{"taxonomy":"post_tag","embeddable":true,"href":"http:\/\/forst.igbau.nrw\/index.php?rest_route=%2Fwp%2Fv2%2Ftags&post=746"}],"curies":[{"name":"wp","href":"https:\/\/api.w.org\/{rel}","templated":true}]}}