{"id":749,"date":"2018-12-28T19:41:30","date_gmt":"2018-12-28T19:41:30","guid":{"rendered":"http:\/\/forst.igbau.nrw\/?p=749"},"modified":"2019-01-31T15:39:21","modified_gmt":"2019-01-31T15:39:21","slug":"tarifverhandlungen-tv-l-2019","status":"publish","type":"post","link":"http:\/\/forst.igbau.nrw\/?p=749","title":{"rendered":"Tarifverhandlungen TV-L 2019"},"content":{"rendered":"\n<p>Anschluss halten an die Gesamteinkommensentwicklung in Deutschland, insbesondere an den Entwicklungen im \u00f6ffentlichen Dienst von Bund und Kommunen, ist das Ziel in der Tarif- und Besoldungsrunde 2019 der Gewerkschaften f\u00fcr die Besch\u00e4ftigten des \u00f6ffentlichen Dienstes der L\u00e4nder (au\u00dfer Hessen). <\/p>\n\n\n\n<p>Die <strong>IG Bauen-Agrar-Umwelt (IG BAU)<\/strong> fordert gemeinsam mit den Schwestergewerkschaften (ver.di, GEW und GdP) in den Verhandlungen zum TV-L sp\u00fcrbare Einkommenserh\u00f6hungen f\u00fcr die Besch\u00e4ftigten. Dazu sollen die Tabellenentgelte um <strong>6,0 Prozent<\/strong>, mindestens aber um 200 Euro monatlich erh\u00f6ht werden.<\/p>\n\n\n\n<div class=\"wp-block-image\"><figure class=\"aligncenter\"><a href=\"http:\/\/forst.igbau.nrw\/wp-content\/uploads\/2019\/01\/TI-Tarifrunde-2019-TdL-Forderungen-MV-2.pdf\" target=\"_blank\" rel=\"noreferrer noopener\"><img data-recalc-dims=\"1\" fetchpriority=\"high\" decoding=\"async\" width=\"212\" height=\"300\" data-attachment-id=\"750\" data-permalink=\"http:\/\/forst.igbau.nrw\/?attachment_id=750\" data-orig-file=\"https:\/\/i0.wp.com\/forst.igbau.nrw\/wp-content\/uploads\/2019\/01\/Tarifverhandlung_Forderung_IGBAU_2019.png?fit=601%2C849\" data-orig-size=\"601,849\" data-comments-opened=\"1\" data-image-meta=\"{&quot;aperture&quot;:&quot;0&quot;,&quot;credit&quot;:&quot;&quot;,&quot;camera&quot;:&quot;&quot;,&quot;caption&quot;:&quot;&quot;,&quot;created_timestamp&quot;:&quot;0&quot;,&quot;copyright&quot;:&quot;&quot;,&quot;focal_length&quot;:&quot;0&quot;,&quot;iso&quot;:&quot;0&quot;,&quot;shutter_speed&quot;:&quot;0&quot;,&quot;title&quot;:&quot;&quot;,&quot;orientation&quot;:&quot;0&quot;}\" data-image-title=\"Tarifverhandlung_Forderung_IGBAU_2019\" data-image-description=\"\" data-image-caption=\"\" data-large-file=\"https:\/\/i0.wp.com\/forst.igbau.nrw\/wp-content\/uploads\/2019\/01\/Tarifverhandlung_Forderung_IGBAU_2019.png?fit=601%2C849\" src=\"https:\/\/i0.wp.com\/forst.igbau.nrw\/wp-content\/uploads\/2019\/01\/Tarifverhandlung_Forderung_IGBAU_2019.png?resize=212%2C300\" alt=\"\" class=\"wp-image-750\" srcset=\"https:\/\/i0.wp.com\/forst.igbau.nrw\/wp-content\/uploads\/2019\/01\/Tarifverhandlung_Forderung_IGBAU_2019.png?resize=212%2C300 212w, https:\/\/i0.wp.com\/forst.igbau.nrw\/wp-content\/uploads\/2019\/01\/Tarifverhandlung_Forderung_IGBAU_2019.png?w=601 601w\" sizes=\"(max-width: 212px) 100vw, 212px\" \/><\/a><\/figure><\/div>\n\n\n\n<p>Die gemeinsamen Forderungen der Gewerkschaften auf einen Blick k\u00f6nnen dem Flyer entnommen werden.<\/p>\n\n\n\n<p>Gleichzeitig fordern die Gewerkschaften eine Zeit- und wirkungsgleiche \u00dcbertragung des Verhandlungsergebnisses auf die Beamtinnen und Beamten sowie die Versorgungsempf\u00e4ngerinnen und Versorgungsempf\u00e4nger.<\/p>\n\n\n\n<p>\u00dcber die endg\u00fcltigen Ergbnisse werden wir an dieser Stelle zeitnah informieren.<\/p>\n\n\n\n<p>Termine:<\/p>\n\n\n\n<h5 class=\"wp-block-heading\">Die Termine<\/h5>\n\n\n\n<p>Die \u00d6D Gewerkschaften vertreten druch VERDI , verhandeln mit der Tarifgemeinschaft deutscher L\u00e4nder (TdL), deren Vorstandsvorsitz Berlins Finanzsenator Matthias Kollatz inne hat, ab Januar den Rahmen des Vertrages. Drei Verhandlungsrunden sind terminiert: Sie finden am 21. Januar, am 6. und 7. Februar sowie vom 28. Februar bis 1. M\u00e4rz 2019 in Potsdam statt.<\/p>\n","protected":false},"excerpt":{"rendered":"<p>Anschluss halten an die Gesamteinkommensentwicklung in Deutschland, insbesondere an den Entwicklungen im \u00f6ffentlichen Dienst von Bund und Kommunen, ist das Ziel in<\/p>\n<p class=\"link-more\"><a class=\"myButt \" href=\"http:\/\/forst.igbau.nrw\/?p=749\">Weitere Infos &#8230;<\/a><\/p>\n","protected":false},"author":2,"featured_media":765,"comment_status":"open","ping_status":"open","sticky":false,"template":"","format":"standard","meta":{"ngg_post_thumbnail":0,"jetpack_post_was_ever_published":false,"_jetpack_newsletter_access":"","_jetpack_dont_email_post_to_subs":false,"_jetpack_newsletter_tier_id":0,"_jetpack_memberships_contains_paywalled_content":false,"_jetpack_memberships_contains_paid_content":false,"footnotes":"","jetpack_publicize_message":"","jetpack_publicize_feature_enabled":true,"jetpack_social_post_already_shared":false,"jetpack_social_options":{"image_generator_settings":{"template":"highway","default_image_id":0,"font":"","enabled":false},"version":2}},"categories":[5],"tags":[],"class_list":["post-749","post","type-post","status-publish","format-standard","has-post-thumbnail","hentry","category-forstwirtschaft"],"jetpack_publicize_connections":[],"jetpack_featured_media_url":"https:\/\/i0.wp.com\/forst.igbau.nrw\/wp-content\/uploads\/2018\/12\/cropped-IGBAU_Menschen_1-4-1024x614.jpg?fit=512%2C187","jetpack_sharing_enabled":true,"jetpack_shortlink":"https:\/\/wp.me\/p8x7f7-c5","jetpack-related-posts":[],"_links":{"self":[{"href":"http:\/\/forst.igbau.nrw\/index.php?rest_route=\/wp\/v2\/posts\/749","targetHints":{"allow":["GET"]}}],"collection":[{"href":"http:\/\/forst.igbau.nrw\/index.php?rest_route=\/wp\/v2\/posts"}],"about":[{"href":"http:\/\/forst.igbau.nrw\/index.php?rest_route=\/wp\/v2\/types\/post"}],"author":[{"embeddable":true,"href":"http:\/\/forst.igbau.nrw\/index.php?rest_route=\/wp\/v2\/users\/2"}],"replies":[{"embeddable":true,"href":"http:\/\/forst.igbau.nrw\/index.php?rest_route=%2Fwp%2Fv2%2Fcomments&post=749"}],"version-history":[{"count":11,"href":"http:\/\/forst.igbau.nrw\/index.php?rest_route=\/wp\/v2\/posts\/749\/revisions"}],"predecessor-version":[{"id":785,"href":"http:\/\/forst.igbau.nrw\/index.php?rest_route=\/wp\/v2\/posts\/749\/revisions\/785"}],"wp:featuredmedia":[{"embeddable":true,"href":"http:\/\/forst.igbau.nrw\/index.php?rest_route=\/wp\/v2\/media\/765"}],"wp:attachment":[{"href":"http:\/\/forst.igbau.nrw\/index.php?rest_route=%2Fwp%2Fv2%2Fmedia&parent=749"}],"wp:term":[{"taxonomy":"category","embeddable":true,"href":"http:\/\/forst.igbau.nrw\/index.php?rest_route=%2Fwp%2Fv2%2Fcategories&post=749"},{"taxonomy":"post_tag","embeddable":true,"href":"http:\/\/forst.igbau.nrw\/index.php?rest_route=%2Fwp%2Fv2%2Ftags&post=749"}],"curies":[{"name":"wp","href":"https:\/\/api.w.org\/{rel}","templated":true}]}}