{"id":774,"date":"2019-01-09T20:35:05","date_gmt":"2019-01-09T20:35:05","guid":{"rendered":"http:\/\/forst.igbau.nrw\/?p=774"},"modified":"2019-01-10T15:37:51","modified_gmt":"2019-01-10T15:37:51","slug":"sitzung-des-obersten-forstausschusses-beim-mulnv-nrw-am-09-01-2019","status":"publish","type":"post","link":"http:\/\/forst.igbau.nrw\/?p=774","title":{"rendered":"Sitzung des Obersten Forstausschusses beim MULNV NRW am 09.01.2019."},"content":{"rendered":"\n<p><strong>I<\/strong>n der ersten Sitzung des Obersten Forstausschusses in 2019 wurden im wesentlichen die aktuellen Fragestellungen zu den anstehenden Neugestaltungen der direkten F\u00f6rderung sowie die aktuelle Situation der Borkenk\u00e4ferkalamit\u00e4t behandelt. Dar\u00fcber hinaus wurde der Status der Ausbreitung und den m\u00f6glichen Auswirkungen der Afrikanischen Schweinepest (ASP) in Europa erl\u00e4utert. Durch die in 2018 aufgetretenen F\u00e4lle von infiziertem Schwarzwild in Belgien besteht f\u00fcr NRW aktuter Handlungsbedarf sich auf eine m\u00f6gliche Ausbreitung der Seuche auch auf Bundesgebiet vorzubereiten. <\/p>\n\n\n\n<p>Dazu wurden dem Ausschuss neben allgemeinverbindlichen Informationen vor allem die m\u00f6glichen Einschr\u00e4nkungen auf die Forstwirtschaft dargestellt. Gerade vor dem Hintergrund der derzeitigen Bestrebungen die D\u00fcrresch\u00e4den zu bek\u00e4mpfen k\u00f6nnte dies zu erheblichen Einschr\u00e4nkungen f\u00fcr das Cluster Wald und Holz f\u00fchren.  Die eindeutige Aussage des MULNV dazu stellt die Pandemiebek\u00e4mpfung \u00fcber die Notwendigkeiten der Kalamit\u00e4tsbek\u00e4mpfung. <\/p>\n\n\n\n<br>\n\n\n\n<p><strong>D<\/strong>er Sachstand der geplanten D\u00fcrrehilfen und die aktuelle Situation der K\u00e4ferproblematik; wurde anhand der Ergebnisse der letzten Beschl\u00fcsse aus der Task Force K\u00e4fer (TFK) berichtet. In diesem Zusammenhang wurden noch einmal die laufenden Ma\u00dfnahmen und Angebote des Landesbetriebes vorgestellt. Dar\u00fcber hinaus forderte der Ausschuss alle Beteiligten auf eine z\u00fcgige und sinnvolle Verwendung der bis jetzt zugesagten 1 Mio. Euro auf den Weg zu bringen.  Wobei z.B.die pauschale Bezuschussung, z.B.von Aufarbeitungskosten wie in anderen Bundesl\u00e4ndern praktiziert, nach \u00fcberwiegender Auffassung der Anwesenden keine Option darstellt. Konkrete Aussagen dazu sollen durch die TFK Anfang Februar erfolgen. <\/p>\n\n\n\n<br>\n\n\n\n<p><strong>D<\/strong>as MULNV informierte weiterhin zum Sachstand der Leitlinie \u00fcber die Gew\u00e4hrung von Zuwendungen zur F\u00f6rderung wettbewerbsf\u00e4higer Holzvermarktungsstrukturen (HOMA) bzw. zur Leitlinie \u00fcber die Gew\u00e4hrung von Zuwendungen zur F\u00f6rderung der Waldbewirtschaftung in forstwirtschaftlichen Zusammenschl\u00fcssen (Direkte F\u00f6rderung); Unterst\u00fctzung von Forstlichen Zusammenschl\u00fcssen bei der Umstellung. Die bereits ver\u00f6ffentlichte HOMA wurde nicht weitergehend besprochen. Die Leitlinie zur \u201eDirekten F\u00f6rderung\u201c jedoch wurde durch das MULNV in der abgestimmten Version vorgestellt mit der Zusage das diese in den n\u00e4chsten Wochen ver\u00f6ffentlicht wird. <\/p>\n\n\n\n<p><strong>D<\/strong>ie daf\u00fcr im Haushalt des Landes zur Verf\u00fcgung gestellten Mittel sind bis jetzt \u00fcberschaubar und es bleibt abzuwarten wieviel der Zusammenschl\u00fcsse in den Genuss dieser Unterst\u00fctzung kommen werden. <\/p>\n\n\n\n<p><strong>L<\/strong>eider findet in der Landespolitik weiterhin in allen vorgenannten forstlichen Fragestellungen kein richtungsweisendes Umdenken statt, die von allen Beteiligten erkannten Notwendigkeit die Systemleistungen des Waldes in Wert zu setzen und durch die Gesellschaft zu honorieren erreicht nicht die politische Entscheidungsebene. Dem Beharren auf einen ausgeglichenen Landeshaushalt wird auch die notwendige nachhaltige Sicherung des Waldes untergeordnet.  <\/p>\n\n\n\n<p><strong>Um so schlimmer als das der Landesregierung diese Erfordernis auch nach eigenen Aussagen gegenwertig ist.  Es wird Zeit das alle Verantwortlichen gegen\u00fcber der Gesellschaft  diese Fragestellung zum Thema machen und den Mut beweisen uns alle in die Pflicht zu nehmen den Wald Nachhaltig zu erhalten. Dazu geh\u00f6rt in unserem gesellschaftlichen System nun einmal auch dazu daf\u00fcr zu bezahlen. <\/strong><\/p>\n\n\n\n<p>Wir als IG BAU Landesvertretung versuchen mit allen Beteiligten diesem Thema die daf\u00fcr angemessene Anerkennung zu verschaffen.<\/p>\n","protected":false},"excerpt":{"rendered":"<p>In der ersten Sitzung des Obersten Forstausschusses in 2019 wurden im wesentlichen die aktuellen Fragestellungen zu den anstehenden Neugestaltungen der direkten F\u00f6rderung<\/p>\n<p class=\"link-more\"><a class=\"myButt \" href=\"http:\/\/forst.igbau.nrw\/?p=774\">Weitere Infos &#8230;<\/a><\/p>\n","protected":false},"author":2,"featured_media":324,"comment_status":"open","ping_status":"open","sticky":false,"template":"","format":"standard","meta":{"ngg_post_thumbnail":0,"jetpack_post_was_ever_published":false,"_jetpack_newsletter_access":"","_jetpack_dont_email_post_to_subs":false,"_jetpack_newsletter_tier_id":0,"_jetpack_memberships_contains_paywalled_content":false,"_jetpack_memberships_contains_paid_content":false,"footnotes":"","jetpack_publicize_message":"","jetpack_publicize_feature_enabled":true,"jetpack_social_post_already_shared":false,"jetpack_social_options":{"image_generator_settings":{"template":"highway","default_image_id":0,"font":"","enabled":false},"version":2}},"categories":[5],"tags":[],"class_list":["post-774","post","type-post","status-publish","format-standard","has-post-thumbnail","hentry","category-forstwirtschaft"],"jetpack_publicize_connections":[],"jetpack_featured_media_url":"https:\/\/i0.wp.com\/forst.igbau.nrw\/wp-content\/uploads\/2017\/03\/logo_igbau_original_gross-e1491225332768.png?fit=745%2C288","jetpack_sharing_enabled":true,"jetpack_shortlink":"https:\/\/wp.me\/p8x7f7-cu","jetpack-related-posts":[],"_links":{"self":[{"href":"http:\/\/forst.igbau.nrw\/index.php?rest_route=\/wp\/v2\/posts\/774","targetHints":{"allow":["GET"]}}],"collection":[{"href":"http:\/\/forst.igbau.nrw\/index.php?rest_route=\/wp\/v2\/posts"}],"about":[{"href":"http:\/\/forst.igbau.nrw\/index.php?rest_route=\/wp\/v2\/types\/post"}],"author":[{"embeddable":true,"href":"http:\/\/forst.igbau.nrw\/index.php?rest_route=\/wp\/v2\/users\/2"}],"replies":[{"embeddable":true,"href":"http:\/\/forst.igbau.nrw\/index.php?rest_route=%2Fwp%2Fv2%2Fcomments&post=774"}],"version-history":[{"count":3,"href":"http:\/\/forst.igbau.nrw\/index.php?rest_route=\/wp\/v2\/posts\/774\/revisions"}],"predecessor-version":[{"id":777,"href":"http:\/\/forst.igbau.nrw\/index.php?rest_route=\/wp\/v2\/posts\/774\/revisions\/777"}],"wp:featuredmedia":[{"embeddable":true,"href":"http:\/\/forst.igbau.nrw\/index.php?rest_route=\/wp\/v2\/media\/324"}],"wp:attachment":[{"href":"http:\/\/forst.igbau.nrw\/index.php?rest_route=%2Fwp%2Fv2%2Fmedia&parent=774"}],"wp:term":[{"taxonomy":"category","embeddable":true,"href":"http:\/\/forst.igbau.nrw\/index.php?rest_route=%2Fwp%2Fv2%2Fcategories&post=774"},{"taxonomy":"post_tag","embeddable":true,"href":"http:\/\/forst.igbau.nrw\/index.php?rest_route=%2Fwp%2Fv2%2Ftags&post=774"}],"curies":[{"name":"wp","href":"https:\/\/api.w.org\/{rel}","templated":true}]}}