{"id":790,"date":"2019-01-21T22:00:57","date_gmt":"2019-01-21T22:00:57","guid":{"rendered":"http:\/\/forst.igbau.nrw\/?p=790"},"modified":"2019-02-08T09:52:54","modified_gmt":"2019-02-08T09:52:54","slug":"pressemitteilung-schutz-der-waelder-erfordert-mehr-fachkraefte","status":"publish","type":"post","link":"http:\/\/forst.igbau.nrw\/?p=790","title":{"rendered":"Pressemitteilung &#8222;Schutz der W\u00e4lder erfordert mehr Fachkr\u00e4fte&#8220;"},"content":{"rendered":"\n<p>Berlin, 21.01.2019<\/p>\n\n\n\n<p>D\u00fcrre, St\u00fcrme und Schneechaos \u2013 extreme Wetterlagen zeigen inzwischen auch hierzulande die Folgen des Klimawandels auf. Hiesige W\u00e4lder sind doppelt betroffen. Denn die B\u00e4ume leiden nicht nur unmittelbar unter Trockenheit und Sturm, sondern auch mittelbar etwa durch verst\u00e4rkte Waldbr\u00e4nde oder Borkenk\u00e4ferplage in Folge der Trockenheit. Laut aktuellem Waldschadensbericht sind in einigen Bundesl\u00e4ndern bereits vier von f\u00fcnf B\u00e4umen gesch\u00e4digt, die H\u00e4lfte davon sogar schwer.<\/p>\n\n\n\n<div class=\"wp-block-image\"><figure class=\"aligncenter is-resized\"><a href=\"https:\/\/www.igbau.de\/Binaries\/Binary46727\/pm-position-wald.pdf\" target=\"_blank\" rel=\"noreferrer noopener\"><img data-recalc-dims=\"1\" fetchpriority=\"high\" decoding=\"async\" data-attachment-id=\"791\" data-permalink=\"http:\/\/forst.igbau.nrw\/?attachment_id=791\" data-orig-file=\"https:\/\/i0.wp.com\/forst.igbau.nrw\/wp-content\/uploads\/2019\/02\/Presse_2019_01_21_IGBAU.png?fit=381%2C535\" data-orig-size=\"381,535\" data-comments-opened=\"1\" data-image-meta=\"{&quot;aperture&quot;:&quot;0&quot;,&quot;credit&quot;:&quot;&quot;,&quot;camera&quot;:&quot;&quot;,&quot;caption&quot;:&quot;&quot;,&quot;created_timestamp&quot;:&quot;0&quot;,&quot;copyright&quot;:&quot;&quot;,&quot;focal_length&quot;:&quot;0&quot;,&quot;iso&quot;:&quot;0&quot;,&quot;shutter_speed&quot;:&quot;0&quot;,&quot;title&quot;:&quot;&quot;,&quot;orientation&quot;:&quot;0&quot;}\" data-image-title=\"Presse_2019_01_21_IGBAU\" data-image-description=\"\" data-image-caption=\"\" data-large-file=\"https:\/\/i0.wp.com\/forst.igbau.nrw\/wp-content\/uploads\/2019\/02\/Presse_2019_01_21_IGBAU.png?fit=381%2C535\" src=\"https:\/\/i0.wp.com\/forst.igbau.nrw\/wp-content\/uploads\/2019\/02\/Presse_2019_01_21_IGBAU.png?resize=191%2C268\" alt=\"\" class=\"wp-image-791\" width=\"191\" height=\"268\" srcset=\"https:\/\/i0.wp.com\/forst.igbau.nrw\/wp-content\/uploads\/2019\/02\/Presse_2019_01_21_IGBAU.png?w=381 381w, https:\/\/i0.wp.com\/forst.igbau.nrw\/wp-content\/uploads\/2019\/02\/Presse_2019_01_21_IGBAU.png?resize=214%2C300 214w\" sizes=\"(max-width: 191px) 100vw, 191px\" \/><\/a><\/figure><\/div>\n\n\n\n<p>Die Forstgewerkschaft IG BAU begr\u00fc\u00dft den erkl\u00e4rten Willen der Politik, die Herausforderungen f\u00fcr die W\u00e4lder im Zuge eines sogenannten Waldumbaus zu meistern. Jedoch vermissen die IG BAU-Experten dabei die Einbeziehung der Fachkr\u00e4fte.<br><br>In den am 18. Januar anl\u00e4sslich der Gr\u00fcnen Woche formulierten IG BAU-Positionen stellen die Mitglieder der Bundesvertretung Beamtinnen\/Beamte und Angestellte in Forst und Naturschutz klar: \u201eF\u00f6rster und Waldarbeiter sichern mit ihrer Arbeit alle gesellschaftlich gewollten Funktionen des Waldes\u201c. Gemeint ist damit Lebensraum f\u00fcr Tiere und Pflanzen, Schutz f\u00fcr Trinkwasser und saubere Luft, Erholungsraum f\u00fcr Menschen sowie als Lieferant von Papier, Bau- und Brennholz und nicht zuletzt als CO2-Speicher, um die Erderw\u00e4rmung zu drosseln. \u201eDer Umbau hin zu einem klimastabilisierenden Wald erfordert fl\u00e4chendeckend das Engagement von gut qualifiziertem Fachpersonal\u201c, so die IG BAU-Experten.<br><br>Dazu sagte der Stellvertretende IG BAU-Bundesvorsitzende Harald Schaum: \u201eDer Wald ist ein empfindliches \u00d6kosystem. Damit er Unwetter und Klimaanpassung meistert, braucht es Wissen und K\u00f6nnen der Menschen, die im Wald arbeiten. Nach jahrelangem Personalabbau gilt es jetzt, diese Spezialisten auszubilden und zu binden. Jeder, der mit und in der Natur arbeitet wei\u00df, dass ein nachhaltiges Planen notwendig ist. Wir erwarten von der Politik ein ebenso nachhaltiges Engagement f\u00fcr die Ausstattung der W\u00e4lder mit mehr gut qualifiziertem Fachpersonal.\u201c<\/p>\n\n\n\n<br>\n\n\n\n<p>Die <a href=\"https:\/\/www.igbau.de\/Binaries\/Binary46727\/pm-position-wald.pdf\" target=\"_blank\" rel=\"noreferrer noopener\" aria-label=\"Original Pressemitteilung finden Sie hier.... (\u00f6ffnet in neuem Tab)\">Original Pressemitteilung finden Sie hier&#8230;.<\/a><\/p>\n","protected":false},"excerpt":{"rendered":"<p>Berlin, 21.01.2019 D\u00fcrre, St\u00fcrme und Schneechaos \u2013 extreme Wetterlagen zeigen inzwischen auch hierzulande die Folgen des Klimawandels auf. Hiesige W\u00e4lder sind doppelt<\/p>\n<p class=\"link-more\"><a class=\"myButt \" href=\"http:\/\/forst.igbau.nrw\/?p=790\">Weitere Infos &#8230;<\/a><\/p>\n","protected":false},"author":2,"featured_media":476,"comment_status":"open","ping_status":"open","sticky":false,"template":"","format":"standard","meta":{"ngg_post_thumbnail":0,"jetpack_post_was_ever_published":false,"_jetpack_newsletter_access":"","_jetpack_dont_email_post_to_subs":false,"_jetpack_newsletter_tier_id":0,"_jetpack_memberships_contains_paywalled_content":false,"_jetpack_memberships_contains_paid_content":false,"footnotes":"","jetpack_publicize_message":"","jetpack_publicize_feature_enabled":true,"jetpack_social_post_already_shared":false,"jetpack_social_options":{"image_generator_settings":{"template":"highway","default_image_id":0,"font":"","enabled":false},"version":2}},"categories":[5],"tags":[],"class_list":["post-790","post","type-post","status-publish","format-standard","has-post-thumbnail","hentry","category-forstwirtschaft"],"jetpack_publicize_connections":[],"jetpack_featured_media_url":"https:\/\/i0.wp.com\/forst.igbau.nrw\/wp-content\/uploads\/2017\/10\/logo_320_px.jpg?fit=320%2C121","jetpack_sharing_enabled":true,"jetpack_shortlink":"https:\/\/wp.me\/p8x7f7-cK","jetpack-related-posts":[],"_links":{"self":[{"href":"http:\/\/forst.igbau.nrw\/index.php?rest_route=\/wp\/v2\/posts\/790","targetHints":{"allow":["GET"]}}],"collection":[{"href":"http:\/\/forst.igbau.nrw\/index.php?rest_route=\/wp\/v2\/posts"}],"about":[{"href":"http:\/\/forst.igbau.nrw\/index.php?rest_route=\/wp\/v2\/types\/post"}],"author":[{"embeddable":true,"href":"http:\/\/forst.igbau.nrw\/index.php?rest_route=\/wp\/v2\/users\/2"}],"replies":[{"embeddable":true,"href":"http:\/\/forst.igbau.nrw\/index.php?rest_route=%2Fwp%2Fv2%2Fcomments&post=790"}],"version-history":[{"count":2,"href":"http:\/\/forst.igbau.nrw\/index.php?rest_route=\/wp\/v2\/posts\/790\/revisions"}],"predecessor-version":[{"id":793,"href":"http:\/\/forst.igbau.nrw\/index.php?rest_route=\/wp\/v2\/posts\/790\/revisions\/793"}],"wp:featuredmedia":[{"embeddable":true,"href":"http:\/\/forst.igbau.nrw\/index.php?rest_route=\/wp\/v2\/media\/476"}],"wp:attachment":[{"href":"http:\/\/forst.igbau.nrw\/index.php?rest_route=%2Fwp%2Fv2%2Fmedia&parent=790"}],"wp:term":[{"taxonomy":"category","embeddable":true,"href":"http:\/\/forst.igbau.nrw\/index.php?rest_route=%2Fwp%2Fv2%2Fcategories&post=790"},{"taxonomy":"post_tag","embeddable":true,"href":"http:\/\/forst.igbau.nrw\/index.php?rest_route=%2Fwp%2Fv2%2Ftags&post=790"}],"curies":[{"name":"wp","href":"https:\/\/api.w.org\/{rel}","templated":true}]}}