{"id":875,"date":"2019-02-18T20:30:22","date_gmt":"2019-02-18T20:30:22","guid":{"rendered":"http:\/\/forst.igbau.nrw\/?p=875"},"modified":"2019-02-19T20:04:33","modified_gmt":"2019-02-19T20:04:33","slug":"direkte-foerderung-des-waldbesitzes-in-nrw","status":"publish","type":"post","link":"http:\/\/forst.igbau.nrw\/?p=875","title":{"rendered":"Direkte F\u00f6rderung des Waldbesitzes in NRW"},"content":{"rendered":"\n<p>Im Zuge der Umsetzungen einer Direkten F\u00f6rderung des Waldbesitzes in NRW wurde mit Wirkung zum 30.01.2019 die  &#8222;Richtlinie \u00fcber die Gew\u00e4hrung von Zuwendungen zur F\u00f6rderung der nachhaltigen Waldbewirtschaftung in forstwirtschaftlichen Zusammenschl\u00fcssen&#8220; ver\u00f6ffentlicht und damit auch in Kraft gesetzt.<\/p>\n\n\n\n<p>Damit folgt der n\u00e4chste Schritt der Landesregierung in Nordrhein-Westfalen dem Ziel die Forderungen des Bundeskartellamtes im Sinne einer &#8222;diskriminierungsfreien&#8220; Betreuung des Waldbesitzes umzusetzen.<\/p>\n\n\n\n<p>Zuwendungsempf\u00e4nger sind derzeit ausschlie\u00dflich forstwirtschaftliche Zusammenschl\u00fcsse mit Sitz in Nordrhein-Westfalen gem\u00e4\u00df \u00a7 15 des Bundeswaldgesetzes, \u00a7 14 des Landesforstgesetzes und des Gemeinschaftswaldgesetzes, die von der zust\u00e4ndigen Beh\u00f6rde vor Antragstellung anerkannt beziehungsweise deren Satzungen genehmigt wurden.<\/p>\n\n\n\n<div class=\"wp-block-image\"><figure class=\"aligncenter is-resized\"><a href=\"https:\/\/recht.nrw.de\/lmi\/owa\/br_vbl_detail_text?anw_nr=7&amp;vd_id=17624\" target=\"_blank\" rel=\"noreferrer noopener\"><img data-recalc-dims=\"1\" fetchpriority=\"high\" decoding=\"async\" data-attachment-id=\"876\" data-permalink=\"http:\/\/forst.igbau.nrw\/?attachment_id=876\" data-orig-file=\"https:\/\/i0.wp.com\/forst.igbau.nrw\/wp-content\/uploads\/2019\/02\/MBL_NRW_Richtlinie_Direkte_Fo%CC%88rderung.png?fit=1126%2C1241\" data-orig-size=\"1126,1241\" data-comments-opened=\"1\" data-image-meta=\"{&quot;aperture&quot;:&quot;0&quot;,&quot;credit&quot;:&quot;&quot;,&quot;camera&quot;:&quot;&quot;,&quot;caption&quot;:&quot;&quot;,&quot;created_timestamp&quot;:&quot;0&quot;,&quot;copyright&quot;:&quot;&quot;,&quot;focal_length&quot;:&quot;0&quot;,&quot;iso&quot;:&quot;0&quot;,&quot;shutter_speed&quot;:&quot;0&quot;,&quot;title&quot;:&quot;&quot;,&quot;orientation&quot;:&quot;0&quot;}\" data-image-title=\"MBL_NRW_Richtlinie_Direkte_Fo\u0308rderung\" data-image-description=\"\" data-image-caption=\"\" data-large-file=\"https:\/\/i0.wp.com\/forst.igbau.nrw\/wp-content\/uploads\/2019\/02\/MBL_NRW_Richtlinie_Direkte_Fo%CC%88rderung.png?fit=640%2C705\" src=\"https:\/\/i0.wp.com\/forst.igbau.nrw\/wp-content\/uploads\/2019\/02\/MBL_NRW_Richtlinie_Direkte_Fo%CC%88rderung.png?resize=232%2C256\" alt=\"\" class=\"wp-image-876\" width=\"232\" height=\"256\" srcset=\"https:\/\/i0.wp.com\/forst.igbau.nrw\/wp-content\/uploads\/2019\/02\/MBL_NRW_Richtlinie_Direkte_Fo%CC%88rderung.png?resize=929%2C1024 929w, https:\/\/i0.wp.com\/forst.igbau.nrw\/wp-content\/uploads\/2019\/02\/MBL_NRW_Richtlinie_Direkte_Fo%CC%88rderung.png?resize=272%2C300 272w, https:\/\/i0.wp.com\/forst.igbau.nrw\/wp-content\/uploads\/2019\/02\/MBL_NRW_Richtlinie_Direkte_Fo%CC%88rderung.png?resize=768%2C846 768w, https:\/\/i0.wp.com\/forst.igbau.nrw\/wp-content\/uploads\/2019\/02\/MBL_NRW_Richtlinie_Direkte_Fo%CC%88rderung.png?w=1126 1126w\" sizes=\"(max-width: 232px) 100vw, 232px\" \/><\/a><\/figure><\/div>\n\n\n\n<p>Damit ist vorerst der nichtorganisierte Waldbesitz bzw. Zusammenschl\u00fcsse mit anderem Rechtscharakter von dieser F\u00f6rderm\u00f6glichkeit ausgeschlossen. <\/p>\n\n\n\n<p>Unabh\u00e4ngig von der damit verbundenen Abh\u00e4ngigkeit mit jedem Haushalt j\u00e4hrlich auf den Pr\u00fcfstand gestellt zu werden f\u00e4llt die im ersten Auftakt f\u00fcr das Haushaltsjahr 2019 veranschlagte Summe mit vorerst 750.000 \u20ac recht \u00fcberschaubar aus.<\/p>\n\n\n\n<p>Dazu kommt das damit auch der derzeitige maximale Anteil f\u00fcr die F\u00f6rderung der zuwendungsf\u00e4higen Ausgaben auf 80 % begrenzt wird. Au\u00dferdem sind nach derzeitigen Stand die Mehrwertsteueranteile nicht f\u00f6rderf\u00e4hig. Damit steigt f\u00fcr den Waldbesitz die finanzielle Belastung wenn ein gleichbleibender Aufwand f\u00fcr Dienstleistungen auf der Fl\u00e4che erbracht werden soll.<\/p>\n\n\n\n<p>Dazu kommt das die erforderliche umfangreiche Dokumentation um die beantragten Mittel zu erhalten und deren Verwendung zu belegen  in vielen F\u00e4llen einen erhebliche Steigerung der Professionalisierung in den Zusammenschl\u00fcssen erfordern wird, was vermutlich ebenfalls mit einer Steigerung der Kosten einhergehen wird. <\/p>\n\n\n\n<p>Vor dem Hintergrund der aktuell schlechten Marktlage f\u00fcr Fichte auf dem Holzmarkt wird ein Start der neuen Rahmenbedingungen f\u00fcr die forstliche Welt in NRW nicht eben einfacher.<\/p>\n\n\n\n<br>\n","protected":false},"excerpt":{"rendered":"<p>Im Zuge der Umsetzungen einer Direkten F\u00f6rderung des Waldbesitzes in NRW wurde mit Wirkung zum 30.01.2019 die &#8222;Richtlinie \u00fcber die Gew\u00e4hrung von<\/p>\n<p class=\"link-more\"><a class=\"myButt \" href=\"http:\/\/forst.igbau.nrw\/?p=875\">Weitere Infos &#8230;<\/a><\/p>\n","protected":false},"author":2,"featured_media":0,"comment_status":"open","ping_status":"open","sticky":false,"template":"","format":"standard","meta":{"ngg_post_thumbnail":0,"jetpack_post_was_ever_published":false,"_jetpack_newsletter_access":"","_jetpack_dont_email_post_to_subs":false,"_jetpack_newsletter_tier_id":0,"_jetpack_memberships_contains_paywalled_content":false,"_jetpack_memberships_contains_paid_content":false,"footnotes":"","jetpack_publicize_message":"","jetpack_publicize_feature_enabled":true,"jetpack_social_post_already_shared":false,"jetpack_social_options":{"image_generator_settings":{"template":"highway","default_image_id":0,"font":"","enabled":false},"version":2}},"categories":[5],"tags":[],"class_list":["post-875","post","type-post","status-publish","format-standard","hentry","category-forstwirtschaft"],"jetpack_publicize_connections":[],"jetpack_featured_media_url":"","jetpack_sharing_enabled":true,"jetpack_shortlink":"https:\/\/wp.me\/p8x7f7-e7","jetpack-related-posts":[],"_links":{"self":[{"href":"http:\/\/forst.igbau.nrw\/index.php?rest_route=\/wp\/v2\/posts\/875","targetHints":{"allow":["GET"]}}],"collection":[{"href":"http:\/\/forst.igbau.nrw\/index.php?rest_route=\/wp\/v2\/posts"}],"about":[{"href":"http:\/\/forst.igbau.nrw\/index.php?rest_route=\/wp\/v2\/types\/post"}],"author":[{"embeddable":true,"href":"http:\/\/forst.igbau.nrw\/index.php?rest_route=\/wp\/v2\/users\/2"}],"replies":[{"embeddable":true,"href":"http:\/\/forst.igbau.nrw\/index.php?rest_route=%2Fwp%2Fv2%2Fcomments&post=875"}],"version-history":[{"count":4,"href":"http:\/\/forst.igbau.nrw\/index.php?rest_route=\/wp\/v2\/posts\/875\/revisions"}],"predecessor-version":[{"id":880,"href":"http:\/\/forst.igbau.nrw\/index.php?rest_route=\/wp\/v2\/posts\/875\/revisions\/880"}],"wp:attachment":[{"href":"http:\/\/forst.igbau.nrw\/index.php?rest_route=%2Fwp%2Fv2%2Fmedia&parent=875"}],"wp:term":[{"taxonomy":"category","embeddable":true,"href":"http:\/\/forst.igbau.nrw\/index.php?rest_route=%2Fwp%2Fv2%2Fcategories&post=875"},{"taxonomy":"post_tag","embeddable":true,"href":"http:\/\/forst.igbau.nrw\/index.php?rest_route=%2Fwp%2Fv2%2Ftags&post=875"}],"curies":[{"name":"wp","href":"https:\/\/api.w.org\/{rel}","templated":true}]}}