{"id":900,"date":"2019-03-07T22:55:52","date_gmt":"2019-03-07T22:55:52","guid":{"rendered":"http:\/\/forst.igbau.nrw\/?p=900"},"modified":"2019-03-08T14:30:59","modified_gmt":"2019-03-08T14:30:59","slug":"900","status":"publish","type":"post","link":"http:\/\/forst.igbau.nrw\/?p=900","title":{"rendered":"Nach der D\u00fcrre &#8230; Alles wieder gut&#8230;. ? Nein leider nicht."},"content":{"rendered":"\n<p>Derzeit wird im Zuge des durch die Europ\u00e4ische Union und das Land Nordrhein-Westfalen gef\u00f6rderte <a href=\"https:\/\/www.villewaelder.de\/de\/\" target=\"_blank\" rel=\"noreferrer noopener\" aria-label=\"Life + Projekt &quot;Villew\u00e4lder&quot;  (\u00f6ffnet in neuem Tab)\">Life + Projekt &#8222;Villew\u00e4lder&#8220; <\/a>auch der aktuelle der Wassergehalt der Villew\u00e4lder dokumentiert.<\/p>\n\n\n\n<p>Zus\u00e4tzlich zu den laufenden Messungen des geologischen Dienstes in NRW wird alle 2 Wochen die Bodenfeuchte gemessen.<\/p>\n\n\n\n<p>Die bisherigen Erebnisse zeigen das zum Ende des Sommers 2018 die \u00fcberpr\u00fcften Waldb\u00f6den bis in eine Tiefe von 120 cm ausgetrocknet waren, der Bodenwasservorrat war weitgehend aufgebraucht und dadurch stand den Waldpflanzen kaum noch Wasser zur Verf\u00fcgung.<\/p>\n\n\n\n<figure class=\"wp-block-image\"><img data-recalc-dims=\"1\" fetchpriority=\"high\" decoding=\"async\" width=\"640\" height=\"424\" data-attachment-id=\"903\" data-permalink=\"http:\/\/forst.igbau.nrw\/?attachment_id=903\" data-orig-file=\"https:\/\/i0.wp.com\/forst.igbau.nrw\/wp-content\/uploads\/2019\/03\/PEW4915.jpg?fit=4928%2C3264\" data-orig-size=\"4928,3264\" data-comments-opened=\"1\" data-image-meta=\"{&quot;aperture&quot;:&quot;22&quot;,&quot;credit&quot;:&quot;PETER _ Wicke&quot;,&quot;camera&quot;:&quot;NIKON D7000&quot;,&quot;caption&quot;:&quot;&quot;,&quot;created_timestamp&quot;:&quot;1493209682&quot;,&quot;copyright&quot;:&quot;peter.wicke@greenmac.de&quot;,&quot;focal_length&quot;:&quot;170&quot;,&quot;iso&quot;:&quot;100&quot;,&quot;shutter_speed&quot;:&quot;0.16666666666667&quot;,&quot;title&quot;:&quot;&quot;,&quot;orientation&quot;:&quot;1&quot;}\" data-image-title=\"_PEW4915\" data-image-description=\"\" data-image-caption=\"\" data-large-file=\"https:\/\/i0.wp.com\/forst.igbau.nrw\/wp-content\/uploads\/2019\/03\/PEW4915.jpg?fit=640%2C424\" src=\"https:\/\/i0.wp.com\/forst.igbau.nrw\/wp-content\/uploads\/2019\/03\/PEW4915.jpg?resize=640%2C424\" alt=\"\" class=\"wp-image-903\" srcset=\"https:\/\/i0.wp.com\/forst.igbau.nrw\/wp-content\/uploads\/2019\/03\/PEW4915.jpg?resize=1024%2C678 1024w, https:\/\/i0.wp.com\/forst.igbau.nrw\/wp-content\/uploads\/2019\/03\/PEW4915.jpg?resize=300%2C199 300w, https:\/\/i0.wp.com\/forst.igbau.nrw\/wp-content\/uploads\/2019\/03\/PEW4915.jpg?resize=768%2C509 768w, https:\/\/i0.wp.com\/forst.igbau.nrw\/wp-content\/uploads\/2019\/03\/PEW4915.jpg?w=1280 1280w, https:\/\/i0.wp.com\/forst.igbau.nrw\/wp-content\/uploads\/2019\/03\/PEW4915.jpg?w=1920 1920w\" sizes=\"(max-width: 640px) 100vw, 640px\" \/><\/figure>\n\n\n\n<p>Die aktuellen Messungen haben ergeben das bis Februar 2019 gerade mal der Oberboden wieder einen aufgef\u00fcllten Wasservorrat aufweist. In den tieferliegenden Schichten jedoch kann von einer Verbesserung der Situation durch die bisherigen Niederschl\u00e4ge nicht gesprochen werden.<\/p>\n\n\n\n<p>Die fehlende Auff\u00fcllung des Wasserspeichers im Boden steigert erheblich das Risiko f\u00fcr die Waldb\u00e4ume zu Beginn der Vegetationsperiode 2019 erneut in eine Stresssituation zu kommen. <\/p>\n\n\n\n<p>Eine erneute Belastung der B\u00e4ume die bereits durch das D\u00fcrrejahr 2018 erheblich vorgesch\u00e4digt worden sind h\u00e4tte katastrophale Folgen f\u00fcr den Wald. <\/p>\n\n\n\n<div class=\"wp-block-image\"><figure class=\"aligncenter is-resized\"><a href=\"https:\/\/www.ufz.de\/index.php?de=37937\"><img data-recalc-dims=\"1\" decoding=\"async\" data-attachment-id=\"909\" data-permalink=\"http:\/\/forst.igbau.nrw\/?attachment_id=909\" data-orig-file=\"https:\/\/i0.wp.com\/forst.igbau.nrw\/wp-content\/uploads\/2019\/03\/dueerremonitor_2018.png?fit=157%2C184\" data-orig-size=\"157,184\" data-comments-opened=\"1\" data-image-meta=\"{&quot;aperture&quot;:&quot;0&quot;,&quot;credit&quot;:&quot;&quot;,&quot;camera&quot;:&quot;&quot;,&quot;caption&quot;:&quot;&quot;,&quot;created_timestamp&quot;:&quot;0&quot;,&quot;copyright&quot;:&quot;&quot;,&quot;focal_length&quot;:&quot;0&quot;,&quot;iso&quot;:&quot;0&quot;,&quot;shutter_speed&quot;:&quot;0&quot;,&quot;title&quot;:&quot;&quot;,&quot;orientation&quot;:&quot;0&quot;}\" data-image-title=\"dueerremonitor_2018\" data-image-description=\"\" data-image-caption=\"\" data-large-file=\"https:\/\/i0.wp.com\/forst.igbau.nrw\/wp-content\/uploads\/2019\/03\/dueerremonitor_2018.png?fit=157%2C184\" src=\"https:\/\/i0.wp.com\/forst.igbau.nrw\/wp-content\/uploads\/2019\/03\/dueerremonitor_2018.png?resize=157%2C184\" alt=\"\" class=\"wp-image-909\" width=\"157\" height=\"184\" \/><\/a><\/figure><\/div>\n\n\n\n<p>Die <strong><a href=\"https:\/\/www.ufz.de\/index.php?de=37937\" target=\"_blank\" rel=\"noreferrer noopener\" aria-label=\" (\u00f6ffnet in neuem Tab)\">Gesamt\u00fcbersicht \u00fcber die D\u00fcrreentwicklung in Deutschland <\/a><\/strong>kann \u00fcber das Angebot des Zentrums f\u00fcr Umweltforschung \/ Hemholtz abgerufen werden.<\/p>\n","protected":false},"excerpt":{"rendered":"<p>Derzeit wird im Zuge des durch die Europ\u00e4ische Union und das Land Nordrhein-Westfalen gef\u00f6rderte Life + Projekt &#8222;Villew\u00e4lder&#8220; auch der aktuelle der<\/p>\n<p class=\"link-more\"><a class=\"myButt \" href=\"http:\/\/forst.igbau.nrw\/?p=900\">Weitere Infos &#8230;<\/a><\/p>\n","protected":false},"author":2,"featured_media":905,"comment_status":"open","ping_status":"open","sticky":false,"template":"","format":"standard","meta":{"ngg_post_thumbnail":0,"jetpack_post_was_ever_published":false,"_jetpack_newsletter_access":"","_jetpack_dont_email_post_to_subs":false,"_jetpack_newsletter_tier_id":0,"_jetpack_memberships_contains_paywalled_content":false,"_jetpack_memberships_contains_paid_content":false,"footnotes":"","jetpack_publicize_message":"","jetpack_publicize_feature_enabled":true,"jetpack_social_post_already_shared":false,"jetpack_social_options":{"image_generator_settings":{"template":"highway","default_image_id":0,"font":"","enabled":false},"version":2}},"categories":[5,22,9],"tags":[],"class_list":["post-900","post","type-post","status-publish","format-standard","has-post-thumbnail","hentry","category-forstwirtschaft","category-klimawandel","category-naturschutz"],"jetpack_publicize_connections":[],"jetpack_featured_media_url":"https:\/\/i0.wp.com\/forst.igbau.nrw\/wp-content\/uploads\/2019\/03\/PEW4937.jpg?fit=4928%2C3264","jetpack_sharing_enabled":true,"jetpack_shortlink":"https:\/\/wp.me\/s8x7f7-900","jetpack-related-posts":[],"_links":{"self":[{"href":"http:\/\/forst.igbau.nrw\/index.php?rest_route=\/wp\/v2\/posts\/900","targetHints":{"allow":["GET"]}}],"collection":[{"href":"http:\/\/forst.igbau.nrw\/index.php?rest_route=\/wp\/v2\/posts"}],"about":[{"href":"http:\/\/forst.igbau.nrw\/index.php?rest_route=\/wp\/v2\/types\/post"}],"author":[{"embeddable":true,"href":"http:\/\/forst.igbau.nrw\/index.php?rest_route=\/wp\/v2\/users\/2"}],"replies":[{"embeddable":true,"href":"http:\/\/forst.igbau.nrw\/index.php?rest_route=%2Fwp%2Fv2%2Fcomments&post=900"}],"version-history":[{"count":9,"href":"http:\/\/forst.igbau.nrw\/index.php?rest_route=\/wp\/v2\/posts\/900\/revisions"}],"predecessor-version":[{"id":912,"href":"http:\/\/forst.igbau.nrw\/index.php?rest_route=\/wp\/v2\/posts\/900\/revisions\/912"}],"wp:featuredmedia":[{"embeddable":true,"href":"http:\/\/forst.igbau.nrw\/index.php?rest_route=\/wp\/v2\/media\/905"}],"wp:attachment":[{"href":"http:\/\/forst.igbau.nrw\/index.php?rest_route=%2Fwp%2Fv2%2Fmedia&parent=900"}],"wp:term":[{"taxonomy":"category","embeddable":true,"href":"http:\/\/forst.igbau.nrw\/index.php?rest_route=%2Fwp%2Fv2%2Fcategories&post=900"},{"taxonomy":"post_tag","embeddable":true,"href":"http:\/\/forst.igbau.nrw\/index.php?rest_route=%2Fwp%2Fv2%2Ftags&post=900"}],"curies":[{"name":"wp","href":"https:\/\/api.w.org\/{rel}","templated":true}]}}