{"id":913,"date":"2019-03-13T22:05:41","date_gmt":"2019-03-13T22:05:41","guid":{"rendered":"http:\/\/forst.igbau.nrw\/?p=913"},"modified":"2019-10-21T08:04:01","modified_gmt":"2019-10-21T08:04:01","slug":"gewerkschaftsmitglieder-duerfen-bevorzugt-werden","status":"publish","type":"post","link":"http:\/\/forst.igbau.nrw\/?p=913","title":{"rendered":"Gewerkschaftsmitglieder d\u00fcrfen bevorzugt werden"},"content":{"rendered":"\n<p>Die Verfassungsbeschwerde eines nicht organisierten Arbeitnehmers betrifft die Regelungen eines Sozialtarifvertrag \u00fcber die Gew\u00e4hrung von \u00dcberbr\u00fcckungs- und Abfindungsleistungen. Der Kl\u00e4ger ist, da er keiner Gewerkschaft angeh\u00f6rte, allein arbeitsvertraglich im Zuge eines Sozialplanes beg\u00fcnstigt worden. Er hat damit nicht erhalten, was tarifvertragsgem\u00e4\u00df nur den Besch\u00e4ftigten zukam, die an einem ebenfalls tarifvertraglich vereinbarten Stichtag tats\u00e4chlich gewerkschaftlich organisiert waren. Der Kl\u00e4ger klagte auf Leistungen, die nach dem vereinbarten Tarifvertrag nur f\u00fcr die am Stichtag organisierte Mitgliedern der Gewerkschaft vereinbart worden sind. Das Arbeitsgericht gab dieser Klage statt; das Landesarbeitsgericht und das Bundesarbeitsgericht jedoch haben die Klage abgewiesen. <\/p>\n\n\n\n<p>Damit wurde h\u00f6chstrichterlich best\u00e4tigt, dass Tarifvertr\u00e4ge verpflichtend nur f\u00fcr die Mitglieder der vertragsschlie\u00dfenden Gewerkschaft gelten.<\/p>\n\n\n\n<br>\n","protected":false},"excerpt":{"rendered":"<p>Die Verfassungsbeschwerde eines nicht organisierten Arbeitnehmers betrifft die Regelungen eines Sozialtarifvertrag \u00fcber die Gew\u00e4hrung von \u00dcberbr\u00fcckungs- und Abfindungsleistungen. Der Kl\u00e4ger ist, da<\/p>\n<p class=\"link-more\"><a class=\"myButt \" href=\"http:\/\/forst.igbau.nrw\/?p=913\">Weitere Infos &#8230;<\/a><\/p>\n","protected":false},"author":2,"featured_media":1296,"comment_status":"open","ping_status":"open","sticky":false,"template":"","format":"standard","meta":{"ngg_post_thumbnail":0,"jetpack_post_was_ever_published":false,"_jetpack_newsletter_access":"","_jetpack_dont_email_post_to_subs":false,"_jetpack_newsletter_tier_id":0,"_jetpack_memberships_contains_paywalled_content":false,"_jetpack_memberships_contains_paid_content":false,"footnotes":"","jetpack_publicize_message":"","jetpack_publicize_feature_enabled":true,"jetpack_social_post_already_shared":false,"jetpack_social_options":{"image_generator_settings":{"template":"highway","default_image_id":0,"font":"","enabled":false},"version":2}},"categories":[5],"tags":[],"class_list":["post-913","post","type-post","status-publish","format-standard","has-post-thumbnail","hentry","category-forstwirtschaft"],"jetpack_publicize_connections":[],"jetpack_featured_media_url":"https:\/\/i0.wp.com\/forst.igbau.nrw\/wp-content\/uploads\/2019\/08\/tiff_logo_150.png?fit=150%2C61","jetpack_sharing_enabled":true,"jetpack_shortlink":"https:\/\/wp.me\/p8x7f7-eJ","jetpack-related-posts":[],"_links":{"self":[{"href":"http:\/\/forst.igbau.nrw\/index.php?rest_route=\/wp\/v2\/posts\/913","targetHints":{"allow":["GET"]}}],"collection":[{"href":"http:\/\/forst.igbau.nrw\/index.php?rest_route=\/wp\/v2\/posts"}],"about":[{"href":"http:\/\/forst.igbau.nrw\/index.php?rest_route=\/wp\/v2\/types\/post"}],"author":[{"embeddable":true,"href":"http:\/\/forst.igbau.nrw\/index.php?rest_route=\/wp\/v2\/users\/2"}],"replies":[{"embeddable":true,"href":"http:\/\/forst.igbau.nrw\/index.php?rest_route=%2Fwp%2Fv2%2Fcomments&post=913"}],"version-history":[{"count":1,"href":"http:\/\/forst.igbau.nrw\/index.php?rest_route=\/wp\/v2\/posts\/913\/revisions"}],"predecessor-version":[{"id":914,"href":"http:\/\/forst.igbau.nrw\/index.php?rest_route=\/wp\/v2\/posts\/913\/revisions\/914"}],"wp:featuredmedia":[{"embeddable":true,"href":"http:\/\/forst.igbau.nrw\/index.php?rest_route=\/wp\/v2\/media\/1296"}],"wp:attachment":[{"href":"http:\/\/forst.igbau.nrw\/index.php?rest_route=%2Fwp%2Fv2%2Fmedia&parent=913"}],"wp:term":[{"taxonomy":"category","embeddable":true,"href":"http:\/\/forst.igbau.nrw\/index.php?rest_route=%2Fwp%2Fv2%2Fcategories&post=913"},{"taxonomy":"post_tag","embeddable":true,"href":"http:\/\/forst.igbau.nrw\/index.php?rest_route=%2Fwp%2Fv2%2Ftags&post=913"}],"curies":[{"name":"wp","href":"https:\/\/api.w.org\/{rel}","templated":true}]}}