{"id":916,"date":"2019-03-21T22:00:01","date_gmt":"2019-03-21T22:00:01","guid":{"rendered":"http:\/\/forst.igbau.nrw\/?p=916"},"modified":"2019-11-15T11:37:59","modified_gmt":"2019-11-15T11:37:59","slug":"tag-des-waldes-2019","status":"publish","type":"post","link":"http:\/\/forst.igbau.nrw\/?p=916","title":{"rendered":"Tag des Waldes 2019"},"content":{"rendered":"\n<p>Vort dem Hintergrund der aktuellen Situation in den Europ\u00e4ischen W\u00e4ldern steht der diesj\u00e4hrige Pressetext der IGBAU zum Tag des Waldes:<\/p>\n\n\n\n<p>&#8222;Wassermangel, Sturmsch\u00e4den, vermehrtes Sch\u00e4dlingsaufkommen \u2013 die deutschen W\u00e4lder m\u00fcssen derzeit viel ertragen. Der Klimawandel ist angekommen, in weiten Teilen schlimmer als von Experten vorhergesagt. Anl\u00e4sslich des heutigen &#8222;Internationalen Tag des Waldes\u201c fordert die Forstgewerkschaft IG BAU dazu auf, ernsthafte Anstrengungen zu unternehmen, diese Herausforderungen gemeinsam zu meistern.<\/p>\n\n\n\n<p>Dazu geh\u00f6re auch, faire Arbeitsbedingungen zu schaffen: \u201eDer Erhalt der W\u00e4lder und ihrer Funktionen erfordert den Einsatz gut ausgebildeter Frauen und M\u00e4nner\u201c, betont Harald Schaum, Stellvertretender IG BAU-Bundesvorsitzender. \u201eIhr Wissen und K\u00f6nnen sichert den Fortbestand dieses empfindlichen \u00d6kosystems.\u201c<\/p>\n\n\n\n<p>Je attraktiver die Arbeitsbedingungen, desto besser sind die Aussichten, motivierte Nachwuchskr\u00e4fte f\u00fcr die Arbeit im Wald zu gewinnen. \u201eJeder, der mit und in der Natur arbeitet, muss seine Vorgehensweise nachhaltig planen, um die erhofften Ergebnisse zu erreichen\u201c, so Schaum. \u201eDaran sollte sich die Politik bei der Ausbildung von qualifizierten Fachkr\u00e4ften ein Beispiel nehmen.\u201c<\/p>\n\n\n\n<p>Zum Hintergrund: Der 21. M\u00e4rz wurde 1971 von der Ern\u00e4hrungs- und Landwirtschaftsorganisation der Vereinten Nationen (FAO) als \u201eInternationaler Tag des Waldes\u201c ins Leben gerufen, um auf die globale Waldvernichtung aufmerksam zu machen.&#8220;<\/p>\n\n\n\n<div class=\"wp-block-image\"><figure class=\"aligncenter is-resized\"><a href=\"http:\/\/www.igbau.de\/Binaries\/Binary47113\/pm-14-tag-des-waldes.pdf\" target=\"_blank\" rel=\"noreferrer noopener\"><img data-recalc-dims=\"1\" fetchpriority=\"high\" decoding=\"async\" data-attachment-id=\"917\" data-permalink=\"http:\/\/forst.igbau.nrw\/?attachment_id=917\" data-orig-file=\"https:\/\/i0.wp.com\/forst.igbau.nrw\/wp-content\/uploads\/2019\/03\/PM_IGBAU_Tag_des_Waldes_2019.png?fit=722%2C986\" data-orig-size=\"722,986\" data-comments-opened=\"1\" data-image-meta=\"{&quot;aperture&quot;:&quot;0&quot;,&quot;credit&quot;:&quot;&quot;,&quot;camera&quot;:&quot;&quot;,&quot;caption&quot;:&quot;&quot;,&quot;created_timestamp&quot;:&quot;0&quot;,&quot;copyright&quot;:&quot;&quot;,&quot;focal_length&quot;:&quot;0&quot;,&quot;iso&quot;:&quot;0&quot;,&quot;shutter_speed&quot;:&quot;0&quot;,&quot;title&quot;:&quot;&quot;,&quot;orientation&quot;:&quot;0&quot;}\" data-image-title=\"PM_IGBAU_Tag_des_Waldes_2019\" data-image-description=\"\" data-image-caption=\"\" data-large-file=\"https:\/\/i0.wp.com\/forst.igbau.nrw\/wp-content\/uploads\/2019\/03\/PM_IGBAU_Tag_des_Waldes_2019.png?fit=640%2C874\" src=\"https:\/\/i0.wp.com\/forst.igbau.nrw\/wp-content\/uploads\/2019\/03\/PM_IGBAU_Tag_des_Waldes_2019.png?resize=361%2C493\" alt=\"\" class=\"wp-image-917\" width=\"361\" height=\"493\" srcset=\"https:\/\/i0.wp.com\/forst.igbau.nrw\/wp-content\/uploads\/2019\/03\/PM_IGBAU_Tag_des_Waldes_2019.png?w=722 722w, https:\/\/i0.wp.com\/forst.igbau.nrw\/wp-content\/uploads\/2019\/03\/PM_IGBAU_Tag_des_Waldes_2019.png?resize=220%2C300 220w\" sizes=\"(max-width: 361px) 100vw, 361px\" \/><\/a><\/figure><\/div>\n","protected":false},"excerpt":{"rendered":"<p>Vort dem Hintergrund der aktuellen Situation in den Europ\u00e4ischen W\u00e4ldern steht der diesj\u00e4hrige Pressetext der IGBAU zum Tag des Waldes: &#8222;Wassermangel, Sturmsch\u00e4den,<\/p>\n<p class=\"link-more\"><a class=\"myButt \" href=\"http:\/\/forst.igbau.nrw\/?p=916\">Weitere Infos &#8230;<\/a><\/p>\n","protected":false},"author":2,"featured_media":862,"comment_status":"open","ping_status":"open","sticky":false,"template":"","format":"standard","meta":{"ngg_post_thumbnail":0,"jetpack_post_was_ever_published":false,"_jetpack_newsletter_access":"","_jetpack_dont_email_post_to_subs":false,"_jetpack_newsletter_tier_id":0,"_jetpack_memberships_contains_paywalled_content":false,"_jetpack_memberships_contains_paid_content":false,"footnotes":"","jetpack_publicize_message":"","jetpack_publicize_feature_enabled":true,"jetpack_social_post_already_shared":false,"jetpack_social_options":{"image_generator_settings":{"template":"highway","default_image_id":0,"font":"","enabled":false},"version":2}},"categories":[4,5,8,22,9],"tags":[],"class_list":["post-916","post","type-post","status-publish","format-standard","has-post-thumbnail","hentry","category-forstpolitik","category-forstwirtschaft","category-ig-bau","category-klimawandel","category-naturschutz"],"jetpack_publicize_connections":[],"jetpack_featured_media_url":"https:\/\/i0.wp.com\/forst.igbau.nrw\/wp-content\/uploads\/2019\/02\/Holz.jpg?fit=640%2C427","jetpack_sharing_enabled":true,"jetpack_shortlink":"https:\/\/wp.me\/p8x7f7-eM","jetpack-related-posts":[],"_links":{"self":[{"href":"http:\/\/forst.igbau.nrw\/index.php?rest_route=\/wp\/v2\/posts\/916","targetHints":{"allow":["GET"]}}],"collection":[{"href":"http:\/\/forst.igbau.nrw\/index.php?rest_route=\/wp\/v2\/posts"}],"about":[{"href":"http:\/\/forst.igbau.nrw\/index.php?rest_route=\/wp\/v2\/types\/post"}],"author":[{"embeddable":true,"href":"http:\/\/forst.igbau.nrw\/index.php?rest_route=\/wp\/v2\/users\/2"}],"replies":[{"embeddable":true,"href":"http:\/\/forst.igbau.nrw\/index.php?rest_route=%2Fwp%2Fv2%2Fcomments&post=916"}],"version-history":[{"count":2,"href":"http:\/\/forst.igbau.nrw\/index.php?rest_route=\/wp\/v2\/posts\/916\/revisions"}],"predecessor-version":[{"id":1367,"href":"http:\/\/forst.igbau.nrw\/index.php?rest_route=\/wp\/v2\/posts\/916\/revisions\/1367"}],"wp:featuredmedia":[{"embeddable":true,"href":"http:\/\/forst.igbau.nrw\/index.php?rest_route=\/wp\/v2\/media\/862"}],"wp:attachment":[{"href":"http:\/\/forst.igbau.nrw\/index.php?rest_route=%2Fwp%2Fv2%2Fmedia&parent=916"}],"wp:term":[{"taxonomy":"category","embeddable":true,"href":"http:\/\/forst.igbau.nrw\/index.php?rest_route=%2Fwp%2Fv2%2Fcategories&post=916"},{"taxonomy":"post_tag","embeddable":true,"href":"http:\/\/forst.igbau.nrw\/index.php?rest_route=%2Fwp%2Fv2%2Ftags&post=916"}],"curies":[{"name":"wp","href":"https:\/\/api.w.org\/{rel}","templated":true}]}}