{"id":920,"date":"2019-03-19T22:54:38","date_gmt":"2019-03-19T22:54:38","guid":{"rendered":"http:\/\/forst.igbau.nrw\/?p=920"},"modified":"2019-03-27T13:10:54","modified_gmt":"2019-03-27T13:10:54","slug":"die-studienfoerderung-der-hans-boeckler-stiftung-das-begabtenfoerderungswerk-des-deutschen-gewerkschaftsbundes","status":"publish","type":"post","link":"http:\/\/forst.igbau.nrw\/?p=920","title":{"rendered":"&#8222;Meine F\u00f6rderung durch die Gewerkschaft&#8220;"},"content":{"rendered":"\n<p><strong>&#8222;W<\/strong>\u00e4hrend meiner Ausbildung zum Forstwirt im Lehr- und Versuchsrevier Lattenberg bin ich in die Gewerkschaft IGBAU eingetreten. Am Ende der dreij\u00e4hrigen Ausbildung zum Forstwirt entschloss ich mich f\u00fcr ein Studium der Forstwirtschaft (BSc) an der HAWK in G\u00f6ttingen. <\/p>\n\n\n\n<div class=\"wp-block-image\"><figure class=\"aligncenter is-resized\"><img data-recalc-dims=\"1\" fetchpriority=\"high\" decoding=\"async\" data-attachment-id=\"933\" data-permalink=\"http:\/\/forst.igbau.nrw\/?attachment_id=933\" data-orig-file=\"https:\/\/i0.wp.com\/forst.igbau.nrw\/wp-content\/uploads\/2019\/03\/IMG_9558.jpg?fit=960%2C1280\" data-orig-size=\"960,1280\" data-comments-opened=\"1\" data-image-meta=\"{&quot;aperture&quot;:&quot;0&quot;,&quot;credit&quot;:&quot;&quot;,&quot;camera&quot;:&quot;&quot;,&quot;caption&quot;:&quot;&quot;,&quot;created_timestamp&quot;:&quot;0&quot;,&quot;copyright&quot;:&quot;&quot;,&quot;focal_length&quot;:&quot;0&quot;,&quot;iso&quot;:&quot;0&quot;,&quot;shutter_speed&quot;:&quot;0&quot;,&quot;title&quot;:&quot;&quot;,&quot;orientation&quot;:&quot;1&quot;}\" data-image-title=\"Jakob.S_im_Starkholz\" data-image-description=\"\" data-image-caption=\"\" data-large-file=\"https:\/\/i0.wp.com\/forst.igbau.nrw\/wp-content\/uploads\/2019\/03\/IMG_9558.jpg?fit=640%2C853\" src=\"https:\/\/i0.wp.com\/forst.igbau.nrw\/wp-content\/uploads\/2019\/03\/IMG_9558.jpg?resize=384%2C512\" alt=\"\" class=\"wp-image-933\" width=\"384\" height=\"512\" srcset=\"https:\/\/i0.wp.com\/forst.igbau.nrw\/wp-content\/uploads\/2019\/03\/IMG_9558.jpg?resize=768%2C1024 768w, https:\/\/i0.wp.com\/forst.igbau.nrw\/wp-content\/uploads\/2019\/03\/IMG_9558.jpg?resize=225%2C300 225w, https:\/\/i0.wp.com\/forst.igbau.nrw\/wp-content\/uploads\/2019\/03\/IMG_9558.jpg?w=960 960w\" sizes=\"(max-width: 384px) 100vw, 384px\" \/><\/figure><\/div>\n\n\n\n<p>Bereits vor meinem Ausbildungsabschluss wurde ich schon von\nKollegen auf die M\u00f6glichkeit einer stipendialen F\u00f6rderung hingewiesen. Im Zuge\nder Bewerbung um einen Studienplatz bewarb ich mich somit zugleich auch um ein\nStipendium bei der Hans-B\u00f6ckler-Stiftung und versuchte mein Gl\u00fcck.<\/p>\n\n\n\n<p>Die Stiftung f\u00f6rdert das Erststudium, ein duales Studium\noder das Studium an einer Hochschule in einem Mitgliedsstaat der Europ\u00e4ischen\nUnion oder in der Schweiz. Auswahlkriterien sind gleicherma\u00dfen Leistungen und\nEngagement, welche gleichgewichtig gefordert und gef\u00f6rdert werden. Dies ist\nauch der Grund warum ich mich f\u00fcr eine F\u00f6rderung bei der Hans-B\u00f6ckler-Stiftung\nbeworben habe, da ich schon seid langem bei den Pfadfindern (DPSG) aktiv bin.<\/p>\n\n\n\n<p>Der erste Schritt des Bewerbungsverfahrens verl\u00e4uft online.\nNach meiner Registrierung auf der Website verfasste ich eine ausf\u00fchrliche\nBewerbung und bewarb mich f\u00fcr eine F\u00f6rderung ab dem Sommersemester 2019. Nun\nhie\u00df es abwarten, in der Regel dauert die Pr\u00fcfung der Bewerbung etwa zw\u00f6lf\nWochen. Die Antwort erhielt ich dann per Mail, zusammen mit einer Einladung zu\nzwei Gutachtengespr\u00e4chen.<\/p>\n\n\n\n<p>Eines f\u00fchrte ich mit der Vertrauensdozentin in G\u00f6ttingen,\ndas andere mit einer Stipendiatin und einem Stipendiaten welche ebenfalls in\nG\u00f6ttingen studieren. Das ist etwas besonderes, denn bei der Hans-B\u00f6ckler-Stiftung\nhaben auch andere Stipendiat*innen Mitspracherecht und begleiten die\nAuswahlverfahren. Die Gespr\u00e4che fanden in einer lockeren Atmosph\u00e4re statt und\nwir unterhielten uns \u00fcber meine Studienmotivation, mein soziales Engagement\nsowie meine famili\u00e4re Situation. Meine Gespr\u00e4chspartner verfassten anschlie\u00dfend\nein schriftliches Gutachten f\u00fcr den Sitz der Stiftung in D\u00fcsseldorf. <\/p>\n\n\n\n<p>Im Anschluss an die Gespr\u00e4che f\u00fchrte mich mein Weg als\nn\u00e4chstes nach D\u00fcsseldorf zum Hauptsitz der Hans-B\u00f6ckler-Stiftung. Dort fand\ndann ein abschlie\u00dfendes Auswahlgespr\u00e4ch statt. Auch hier standen meine\nBiografie, mit meinem bisherigen beruflichen Werdegang und meinen\nehrenamtlichen T\u00e4tigkeiten, im Mittelpunkt. Der Auswahlausschuss beriet\nanschlie\u00dfend \u00fcber eine Zu- oder Absage f\u00fcr mein Stipendium und innerhalb der\nn\u00e4chsten zwei Wochen sollte ich eine R\u00fcckmeldung erhalten. <\/p>\n\n\n\n<p>Zu meiner Freude dauert es jedoch kaum eine Woche und ich erhielt eine Mail mit meiner Zusage f\u00fcr eine Studienf\u00f6rderung ab dem Sommersemester 2019! Jetzt galt es noch einmal die letzten Unterlagen und Dokumente auch in analoger Form per Post an die Stiftung zu senden. <\/p>\n\n\n\n<p>Nun steht bald auch schon der Beginn des neuen Semesters und der Start meiner Studienf\u00f6rderung bevor. Neben der finanziellen Unterst\u00fctzung habe ich dann auch die M\u00f6glichkeit das breite Spektrum an Seminaren, Fortbildungsangeboten sowie In- und Auslandsreisem\u00f6glichkeiten der Stiftung zu nutzen. So kann ich mich \u00fcber das Studium hinaus weiterbilden und neue Leute kennenlernen. \u00dcber ganz Deutschland verteilt sind die einzelnen Stipendiat<em>innen miteinander vernetzt und in vielen Studienst\u00e4dten gibt es Stipendiat<\/em>innengruppen welche sich regelm\u00e4\u00dfig treffen und austauschen.&#8220;<\/p>\n\n\n\n<div class=\"wp-block-image\"><figure class=\"aligncenter is-resized\"><a href=\"https:\/\/www.boeckler.de\/112003.htm\" target=\"_blank\" rel=\"noreferrer noopener\"><img data-recalc-dims=\"1\" decoding=\"async\" data-attachment-id=\"922\" data-permalink=\"http:\/\/forst.igbau.nrw\/?attachment_id=922\" data-orig-file=\"https:\/\/i0.wp.com\/forst.igbau.nrw\/wp-content\/uploads\/2019\/03\/logo_hbs.png?fit=769%2C392\" data-orig-size=\"769,392\" data-comments-opened=\"1\" data-image-meta=\"{&quot;aperture&quot;:&quot;0&quot;,&quot;credit&quot;:&quot;&quot;,&quot;camera&quot;:&quot;&quot;,&quot;caption&quot;:&quot;&quot;,&quot;created_timestamp&quot;:&quot;0&quot;,&quot;copyright&quot;:&quot;&quot;,&quot;focal_length&quot;:&quot;0&quot;,&quot;iso&quot;:&quot;0&quot;,&quot;shutter_speed&quot;:&quot;0&quot;,&quot;title&quot;:&quot;&quot;,&quot;orientation&quot;:&quot;0&quot;}\" data-image-title=\"logo_hbs\" data-image-description=\"\" data-image-caption=\"\" data-large-file=\"https:\/\/i0.wp.com\/forst.igbau.nrw\/wp-content\/uploads\/2019\/03\/logo_hbs.png?fit=640%2C326\" src=\"https:\/\/i0.wp.com\/forst.igbau.nrw\/wp-content\/uploads\/2019\/03\/logo_hbs.png?resize=385%2C196\" alt=\"\" class=\"wp-image-922\" width=\"385\" height=\"196\" srcset=\"https:\/\/i0.wp.com\/forst.igbau.nrw\/wp-content\/uploads\/2019\/03\/logo_hbs.png?w=769 769w, https:\/\/i0.wp.com\/forst.igbau.nrw\/wp-content\/uploads\/2019\/03\/logo_hbs.png?resize=300%2C153 300w, https:\/\/i0.wp.com\/forst.igbau.nrw\/wp-content\/uploads\/2019\/03\/logo_hbs.png?resize=768%2C391 768w\" sizes=\"(max-width: 385px) 100vw, 385px\" \/><\/a><\/figure><\/div>\n\n\n\n<p><br><\/p>\n\n\n\n<p>Die Studienf\u00f6rderung der Hans-B\u00f6ckler-Stiftung, das Begabtenf\u00f6rderungswerk des Deutschen Gewerkschaftsbundes.<\/p>\n\n\n\n<p>Mit vielf\u00e4ltigen F\u00f6rderungsm\u00f6glichkeiten unterst\u00fctzen die Gewerkschaften  Menschen auf ihrem gesamten Bildungsweg, bis hin zu einer Professur.<\/p>\n\n\n\n<p>Auch Forstkollegen aus der IGBAU nutzen diese M\u00f6glichkeit um Ihre pers\u00f6nliche berufliche Entwicklung zu unterst\u00fctzen.<\/p>\n\n\n\n<p>Der Beitrag des Kollegen Jakob  S. aus dem Landesbetrieb Wald und Holz Nordrhein-Westfalen zeigt beispielhaft wie es geht.<\/p>\n\n\n\n<p>Ausf\u00fchrliche und weiterf\u00fchrende Informationen rund um die Studienf\u00f6rderung finden sich auf der Website der Stiftung oder der <a rel=\"noreferrer noopener\" aria-label=\"IGBAU. (\u00f6ffnet in neuem Tab)\" href=\"https:\/\/igbau.de\/Studienfoerderung_der_Hans-Boeckler-Stiftung.html\" target=\"_blank\">IGBAU.<\/a><\/p>\n\n\n\n<p>N\u00e4here Informationen erh\u00e4lt man auch \u00fcber die Kolleginnen und Kollegen der <a href=\"https:\/\/igbau.de\/Direkter_Draht_zur_Jungen_BAU.html#Section16270\" target=\"_blank\" rel=\"noreferrer noopener\" aria-label=\"Jungen IGBAU (\u00f6ffnet in neuem Tab)\">Jungen IGBAU<\/a>.<\/p>\n\n\n\n<div class=\"wp-block-image\"><figure class=\"aligncenter is-resized\"><a href=\"https:\/\/www.boeckler.de\/112003.htm\" target=\"_blank\" rel=\"noreferrer noopener\"><img data-recalc-dims=\"1\" decoding=\"async\" data-attachment-id=\"921\" data-permalink=\"http:\/\/forst.igbau.nrw\/?attachment_id=921\" data-orig-file=\"https:\/\/i0.wp.com\/forst.igbau.nrw\/wp-content\/uploads\/2019\/03\/igbau_foerderung_boeckler_stipendium.png?fit=704%2C981\" data-orig-size=\"704,981\" data-comments-opened=\"1\" data-image-meta=\"{&quot;aperture&quot;:&quot;0&quot;,&quot;credit&quot;:&quot;&quot;,&quot;camera&quot;:&quot;&quot;,&quot;caption&quot;:&quot;&quot;,&quot;created_timestamp&quot;:&quot;0&quot;,&quot;copyright&quot;:&quot;&quot;,&quot;focal_length&quot;:&quot;0&quot;,&quot;iso&quot;:&quot;0&quot;,&quot;shutter_speed&quot;:&quot;0&quot;,&quot;title&quot;:&quot;&quot;,&quot;orientation&quot;:&quot;0&quot;}\" data-image-title=\"igbau_foerderung_boeckler_stipendium\" data-image-description=\"\" data-image-caption=\"\" data-large-file=\"https:\/\/i0.wp.com\/forst.igbau.nrw\/wp-content\/uploads\/2019\/03\/igbau_foerderung_boeckler_stipendium.png?fit=640%2C892\" src=\"https:\/\/i0.wp.com\/forst.igbau.nrw\/wp-content\/uploads\/2019\/03\/igbau_foerderung_boeckler_stipendium.png?resize=352%2C491\" alt=\"\" class=\"wp-image-921\" width=\"352\" height=\"491\" srcset=\"https:\/\/i0.wp.com\/forst.igbau.nrw\/wp-content\/uploads\/2019\/03\/igbau_foerderung_boeckler_stipendium.png?w=704 704w, https:\/\/i0.wp.com\/forst.igbau.nrw\/wp-content\/uploads\/2019\/03\/igbau_foerderung_boeckler_stipendium.png?resize=215%2C300 215w\" sizes=\"(max-width: 352px) 100vw, 352px\" \/><\/a><\/figure><\/div>\n","protected":false},"excerpt":{"rendered":"<p>&#8222;W\u00e4hrend meiner Ausbildung zum Forstwirt im Lehr- und Versuchsrevier Lattenberg bin ich in die Gewerkschaft IGBAU eingetreten. Am Ende der dreij\u00e4hrigen Ausbildung<\/p>\n<p class=\"link-more\"><a class=\"myButt \" href=\"http:\/\/forst.igbau.nrw\/?p=920\">Weitere Infos &#8230;<\/a><\/p>\n","protected":false},"author":1,"featured_media":930,"comment_status":"open","ping_status":"open","sticky":false,"template":"","format":"standard","meta":{"ngg_post_thumbnail":0,"jetpack_post_was_ever_published":false,"_jetpack_newsletter_access":"","_jetpack_dont_email_post_to_subs":false,"_jetpack_newsletter_tier_id":0,"_jetpack_memberships_contains_paywalled_content":false,"_jetpack_memberships_contains_paid_content":false,"footnotes":"","jetpack_publicize_message":"","jetpack_publicize_feature_enabled":true,"jetpack_social_post_already_shared":false,"jetpack_social_options":{"image_generator_settings":{"template":"highway","default_image_id":0,"font":"","enabled":false},"version":2}},"categories":[5],"tags":[],"class_list":["post-920","post","type-post","status-publish","format-standard","has-post-thumbnail","hentry","category-forstwirtschaft"],"jetpack_publicize_connections":[],"jetpack_featured_media_url":"https:\/\/i0.wp.com\/forst.igbau.nrw\/wp-content\/uploads\/2019\/03\/DSCN7415.jpg?fit=2048%2C1536","jetpack_sharing_enabled":true,"jetpack_shortlink":"https:\/\/wp.me\/p8x7f7-eQ","jetpack-related-posts":[],"_links":{"self":[{"href":"http:\/\/forst.igbau.nrw\/index.php?rest_route=\/wp\/v2\/posts\/920","targetHints":{"allow":["GET"]}}],"collection":[{"href":"http:\/\/forst.igbau.nrw\/index.php?rest_route=\/wp\/v2\/posts"}],"about":[{"href":"http:\/\/forst.igbau.nrw\/index.php?rest_route=\/wp\/v2\/types\/post"}],"author":[{"embeddable":true,"href":"http:\/\/forst.igbau.nrw\/index.php?rest_route=\/wp\/v2\/users\/1"}],"replies":[{"embeddable":true,"href":"http:\/\/forst.igbau.nrw\/index.php?rest_route=%2Fwp%2Fv2%2Fcomments&post=920"}],"version-history":[{"count":12,"href":"http:\/\/forst.igbau.nrw\/index.php?rest_route=\/wp\/v2\/posts\/920\/revisions"}],"predecessor-version":[{"id":936,"href":"http:\/\/forst.igbau.nrw\/index.php?rest_route=\/wp\/v2\/posts\/920\/revisions\/936"}],"wp:featuredmedia":[{"embeddable":true,"href":"http:\/\/forst.igbau.nrw\/index.php?rest_route=\/wp\/v2\/media\/930"}],"wp:attachment":[{"href":"http:\/\/forst.igbau.nrw\/index.php?rest_route=%2Fwp%2Fv2%2Fmedia&parent=920"}],"wp:term":[{"taxonomy":"category","embeddable":true,"href":"http:\/\/forst.igbau.nrw\/index.php?rest_route=%2Fwp%2Fv2%2Fcategories&post=920"},{"taxonomy":"post_tag","embeddable":true,"href":"http:\/\/forst.igbau.nrw\/index.php?rest_route=%2Fwp%2Fv2%2Ftags&post=920"}],"curies":[{"name":"wp","href":"https:\/\/api.w.org\/{rel}","templated":true}]}}