{"id":937,"date":"2019-03-26T20:00:20","date_gmt":"2019-03-26T20:00:20","guid":{"rendered":"http:\/\/forst.igbau.nrw\/?p=937"},"modified":"2019-03-27T14:59:58","modified_gmt":"2019-03-27T14:59:58","slug":"dgb-gewerkschaften-einigen-sich-mit-der-landesregierung-in-nrw-besoldungsabschluss-2019","status":"publish","type":"post","link":"http:\/\/forst.igbau.nrw\/?p=937","title":{"rendered":"DGB Gewerkschaften einigen sich mit der Landesregierung in NRW Besoldungsabschluss 2019"},"content":{"rendered":"\n<p>Am Freitag, den 22. M\u00e4rz 2019, haben sich die DGB-Gewerkschaften mit der Landesregierung darauf geeinigt, dass das Tarifergebnis f\u00fcr Tarifbesch\u00e4ftigte der L\u00e4nder auch auf die Besoldung und Versorgung der Beamtinnen und Beamten des Landes und der Kommunen \u00fcbertragen wird.<\/p>\n\n\n\n<div class=\"wp-block-image\"><figure class=\"aligncenter is-resized\"><a href=\"https:\/\/nrw.dgb.de\/presse-und-social-media\/++co++c69598b4-4ca6-11e9-ba4e-52540088cada\" target=\"_blank\" rel=\"noreferrer noopener\"><img data-recalc-dims=\"1\" fetchpriority=\"high\" decoding=\"async\" data-attachment-id=\"938\" data-permalink=\"http:\/\/forst.igbau.nrw\/?attachment_id=938\" data-orig-file=\"https:\/\/i0.wp.com\/forst.igbau.nrw\/wp-content\/uploads\/2019\/03\/DGB_Beamte_Besoldung_2019.png?fit=539%2C834\" data-orig-size=\"539,834\" data-comments-opened=\"1\" data-image-meta=\"{&quot;aperture&quot;:&quot;0&quot;,&quot;credit&quot;:&quot;&quot;,&quot;camera&quot;:&quot;&quot;,&quot;caption&quot;:&quot;&quot;,&quot;created_timestamp&quot;:&quot;0&quot;,&quot;copyright&quot;:&quot;&quot;,&quot;focal_length&quot;:&quot;0&quot;,&quot;iso&quot;:&quot;0&quot;,&quot;shutter_speed&quot;:&quot;0&quot;,&quot;title&quot;:&quot;&quot;,&quot;orientation&quot;:&quot;0&quot;}\" data-image-title=\"DGB_Beamte_Besoldung_2019\" data-image-description=\"\" data-image-caption=\"\" data-large-file=\"https:\/\/i0.wp.com\/forst.igbau.nrw\/wp-content\/uploads\/2019\/03\/DGB_Beamte_Besoldung_2019.png?fit=539%2C834\" src=\"https:\/\/i0.wp.com\/forst.igbau.nrw\/wp-content\/uploads\/2019\/03\/DGB_Beamte_Besoldung_2019.png?resize=270%2C417\" alt=\"\" class=\"wp-image-938\" width=\"270\" height=\"417\" srcset=\"https:\/\/i0.wp.com\/forst.igbau.nrw\/wp-content\/uploads\/2019\/03\/DGB_Beamte_Besoldung_2019.png?w=539 539w, https:\/\/i0.wp.com\/forst.igbau.nrw\/wp-content\/uploads\/2019\/03\/DGB_Beamte_Besoldung_2019.png?resize=194%2C300 194w\" sizes=\"(max-width: 270px) 100vw, 270px\" \/><\/a><\/figure><\/div>\n","protected":false},"excerpt":{"rendered":"<p>Am Freitag, den 22. M\u00e4rz 2019, haben sich die DGB-Gewerkschaften mit der Landesregierung darauf geeinigt, dass das Tarifergebnis f\u00fcr Tarifbesch\u00e4ftigte der L\u00e4nder<\/p>\n<p class=\"link-more\"><a class=\"myButt \" href=\"http:\/\/forst.igbau.nrw\/?p=937\">Weitere Infos &#8230;<\/a><\/p>\n","protected":false},"author":2,"featured_media":506,"comment_status":"open","ping_status":"open","sticky":false,"template":"","format":"standard","meta":{"ngg_post_thumbnail":0,"jetpack_post_was_ever_published":false,"_jetpack_newsletter_access":"","_jetpack_dont_email_post_to_subs":false,"_jetpack_newsletter_tier_id":0,"_jetpack_memberships_contains_paywalled_content":false,"_jetpack_memberships_contains_paid_content":false,"footnotes":"","jetpack_publicize_message":"","jetpack_publicize_feature_enabled":true,"jetpack_social_post_already_shared":false,"jetpack_social_options":{"image_generator_settings":{"template":"highway","default_image_id":0,"font":"","enabled":false},"version":2}},"categories":[21,8],"tags":[],"class_list":["post-937","post","type-post","status-publish","format-standard","has-post-thumbnail","hentry","category-dgb-gewerkschaften","category-ig-bau"],"jetpack_publicize_connections":[],"jetpack_featured_media_url":"https:\/\/i0.wp.com\/forst.igbau.nrw\/wp-content\/uploads\/2017\/12\/DGB_Logo.jpg?fit=192%2C65","jetpack_sharing_enabled":true,"jetpack_shortlink":"https:\/\/wp.me\/p8x7f7-f7","jetpack-related-posts":[],"_links":{"self":[{"href":"http:\/\/forst.igbau.nrw\/index.php?rest_route=\/wp\/v2\/posts\/937","targetHints":{"allow":["GET"]}}],"collection":[{"href":"http:\/\/forst.igbau.nrw\/index.php?rest_route=\/wp\/v2\/posts"}],"about":[{"href":"http:\/\/forst.igbau.nrw\/index.php?rest_route=\/wp\/v2\/types\/post"}],"author":[{"embeddable":true,"href":"http:\/\/forst.igbau.nrw\/index.php?rest_route=\/wp\/v2\/users\/2"}],"replies":[{"embeddable":true,"href":"http:\/\/forst.igbau.nrw\/index.php?rest_route=%2Fwp%2Fv2%2Fcomments&post=937"}],"version-history":[{"count":2,"href":"http:\/\/forst.igbau.nrw\/index.php?rest_route=\/wp\/v2\/posts\/937\/revisions"}],"predecessor-version":[{"id":940,"href":"http:\/\/forst.igbau.nrw\/index.php?rest_route=\/wp\/v2\/posts\/937\/revisions\/940"}],"wp:featuredmedia":[{"embeddable":true,"href":"http:\/\/forst.igbau.nrw\/index.php?rest_route=\/wp\/v2\/media\/506"}],"wp:attachment":[{"href":"http:\/\/forst.igbau.nrw\/index.php?rest_route=%2Fwp%2Fv2%2Fmedia&parent=937"}],"wp:term":[{"taxonomy":"category","embeddable":true,"href":"http:\/\/forst.igbau.nrw\/index.php?rest_route=%2Fwp%2Fv2%2Fcategories&post=937"},{"taxonomy":"post_tag","embeddable":true,"href":"http:\/\/forst.igbau.nrw\/index.php?rest_route=%2Fwp%2Fv2%2Ftags&post=937"}],"curies":[{"name":"wp","href":"https:\/\/api.w.org\/{rel}","templated":true}]}}