{"id":94,"date":"2015-04-15T22:16:25","date_gmt":"2015-04-15T22:16:25","guid":{"rendered":"http:\/\/forst.igbau.nrw\/?p=94"},"modified":"2017-03-24T18:56:39","modified_gmt":"2017-03-24T18:56:39","slug":"klimaanpassungsstrategie-vorgestellt","status":"publish","type":"post","link":"http:\/\/forst.igbau.nrw\/?p=94","title":{"rendered":"Klimaanpassungsstrategie vorgestellt"},"content":{"rendered":"<p>Im Rahmen einer Fachtagung \u00fcber die klimatischen Auswirkungen auf den Wald stellte Minister Johannes Remmel am 15.04.2015 in D\u00fcsseldorf die Klimaanpassungsstrategie f\u00fcr den Wald in NRW vor. Die Landesregierung NRW m\u00f6chte damit ein Fachkonzept f\u00fcr die zuk\u00fcnftige Entwicklung der W\u00e4lder vor dem Hintergrund der zu erwartenden klimatischen Ver\u00e4nderungen ansto\u00dfen.<\/p>\n<p>Auf 60 Seiten werden in der Strategie die m\u00f6glichen Folgen f\u00fcr den Wald und dessen Bewirtschaftung, f\u00fcr die Ver\u00e4nderungen in der Biodiversit\u00e4t und die Artenvielfalt, f\u00fcr den Cluster Forst- und Holzwirtschaft und die Auswirkungen auf die Wechselbeziehung zwischen Gesellschaft und Wald behandelt.<br \/>\nAus Sicht der Studie soll eine Verbesserung der Informationsgrundlagen als Grundlage der zuk\u00fcnftigen Waldentwicklung dienen.<br \/>\nTrotz oder aber gerade vor dem Hintergrund der wissenschaftliche Ans\u00e4tze erfordert die Umsetzung aller Planungen zunehmend qualifizierte Besch\u00e4ftigte, wie dies Herr Martin Redmann in seinem Vortrag ausf\u00fchrte, angefangen von den Akteuren in der Planung und der Schaffung der wissenschaftlichen Arbeitsgrundlagen \u00fcber die engagierten Kollegen und Kolleginnen in den Forstbetriebsbezirken sind es letztendlich auch unsere gut ausgebildeten Kolleginnen und Kollegen die als Forstwirtinnen und Forstwirte in einer ausreichenden Anzahl von Besch\u00e4ftigten die Ideen auf der Fl\u00e4che in die Tat umsetzen m\u00fcssen.<br \/>\nIn der anschlie\u00dfenden Podiumsdiskussion verkn\u00fcpfte Michael Blaschke von Wald und Holz NRW als Moderator das Fachwissen der Teilnehmer mit seinen Fragen zu den Auswirkungen des Klimawandels auf die verschiedenen Interessengruppen.<\/p>\n<p>Abschlie\u00dfend bleibt f\u00fcr alle Beteiligten im Cluster Forst und Holz die Frage offen, wie der richtige Weg f\u00fcr die Zukunft des Waldes aussieht.<\/p>\n<p><a href=\"https:\/\/www.umwelt.nrw.de\/fileadmin\/redaktion\/PDFs\/umwelt\/Klimaanpassungsstrategie_Wald_NRW.pdf\">https:\/\/www.umwelt.nrw.de\/fileadmin\/redaktion\/PDFs\/umwelt\/Klimaanpassungsstrategie_Wald_NRW.pdf<\/a><\/p>\n","protected":false},"excerpt":{"rendered":"<p>Im Rahmen einer Fachtagung \u00fcber die klimatischen Auswirkungen auf den Wald stellte Minister Johannes Remmel am 15.04.2015 in D\u00fcsseldorf die Klimaanpassungsstrategie f\u00fcr<\/p>\n<p class=\"link-more\"><a class=\"myButt \" href=\"http:\/\/forst.igbau.nrw\/?p=94\">Weitere Infos &#8230;<\/a><\/p>\n","protected":false},"author":1,"featured_media":269,"comment_status":"open","ping_status":"open","sticky":false,"template":"","format":"standard","meta":{"ngg_post_thumbnail":0,"jetpack_post_was_ever_published":false,"_jetpack_newsletter_access":"","_jetpack_dont_email_post_to_subs":true,"_jetpack_newsletter_tier_id":0,"_jetpack_memberships_contains_paywalled_content":false,"_jetpack_memberships_contains_paid_content":false,"footnotes":"","jetpack_publicize_message":"","jetpack_publicize_feature_enabled":true,"jetpack_social_post_already_shared":false,"jetpack_social_options":{"image_generator_settings":{"template":"highway","default_image_id":0,"font":"","enabled":false},"version":2}},"categories":[4,5,9,7],"tags":[],"class_list":["post-94","post","type-post","status-publish","format-standard","has-post-thumbnail","hentry","category-forstpolitik","category-forstwirtschaft","category-naturschutz","category-wissenschaft"],"jetpack_publicize_connections":[],"jetpack_featured_media_url":"https:\/\/i0.wp.com\/forst.igbau.nrw\/wp-content\/uploads\/2015\/04\/Klimastudie_Remmel_Malkasten_2015.jpg?fit=896%2C672","jetpack_sharing_enabled":true,"jetpack_shortlink":"https:\/\/wp.me\/p8x7f7-1w","jetpack-related-posts":[],"_links":{"self":[{"href":"http:\/\/forst.igbau.nrw\/index.php?rest_route=\/wp\/v2\/posts\/94","targetHints":{"allow":["GET"]}}],"collection":[{"href":"http:\/\/forst.igbau.nrw\/index.php?rest_route=\/wp\/v2\/posts"}],"about":[{"href":"http:\/\/forst.igbau.nrw\/index.php?rest_route=\/wp\/v2\/types\/post"}],"author":[{"embeddable":true,"href":"http:\/\/forst.igbau.nrw\/index.php?rest_route=\/wp\/v2\/users\/1"}],"replies":[{"embeddable":true,"href":"http:\/\/forst.igbau.nrw\/index.php?rest_route=%2Fwp%2Fv2%2Fcomments&post=94"}],"version-history":[{"count":2,"href":"http:\/\/forst.igbau.nrw\/index.php?rest_route=\/wp\/v2\/posts\/94\/revisions"}],"predecessor-version":[{"id":248,"href":"http:\/\/forst.igbau.nrw\/index.php?rest_route=\/wp\/v2\/posts\/94\/revisions\/248"}],"wp:featuredmedia":[{"embeddable":true,"href":"http:\/\/forst.igbau.nrw\/index.php?rest_route=\/wp\/v2\/media\/269"}],"wp:attachment":[{"href":"http:\/\/forst.igbau.nrw\/index.php?rest_route=%2Fwp%2Fv2%2Fmedia&parent=94"}],"wp:term":[{"taxonomy":"category","embeddable":true,"href":"http:\/\/forst.igbau.nrw\/index.php?rest_route=%2Fwp%2Fv2%2Fcategories&post=94"},{"taxonomy":"post_tag","embeddable":true,"href":"http:\/\/forst.igbau.nrw\/index.php?rest_route=%2Fwp%2Fv2%2Ftags&post=94"}],"curies":[{"name":"wp","href":"https:\/\/api.w.org\/{rel}","templated":true}]}}