{"id":951,"date":"2019-04-17T18:28:28","date_gmt":"2019-04-17T18:28:28","guid":{"rendered":"http:\/\/forst.igbau.nrw\/?p=951"},"modified":"2019-04-17T18:28:28","modified_gmt":"2019-04-17T18:28:28","slug":"wald-im-burnout-2","status":"publish","type":"post","link":"http:\/\/forst.igbau.nrw\/?p=951","title":{"rendered":"Wald im Burnout"},"content":{"rendered":"\n<p>Das war vom 07. bis zum 09. April das Thema auf der 69. Jahrestagung des Deutschen Forstwirtschaftsrates in Warnem\u00fcnde.<\/p>\n\n\n\n<p>Mit der Frage ans Plenum &#8222;Wie steht es um den Deutsche Wald?&#8220; er\u00f6ffnete der Pr\u00e4sident des <a rel=\"noreferrer noopener\" aria-label=\"Deutschen Forstwirtschaftsrates  (DFWR) (\u00f6ffnet in neuem Tab)\" href=\"https:\/\/www.dfwr.de\" target=\"_blank\">Deutschen Forstwirtschaftsrates  (DFWR)<\/a> Georg Schirmbeck die diesj\u00e4hrige Sitzung in Warnem\u00fcnde. Ganz im Zeichen der Folgen des D\u00fcrrejahres 2018 fand Georg Schirmbeck klare Worte wie es um den Wald aus der  Sicht der Fachleute und Betroffenen in Mitteleuropa steht.  Diese Einsch\u00e4tzungen spiegeln sich auch wieder im Thema der Tagung und dem dazu erstellten Flyer.<\/p>\n\n\n\n<div class=\"wp-block-image\"><figure class=\"aligncenter is-resized\"><img data-recalc-dims=\"1\" fetchpriority=\"high\" decoding=\"async\" data-attachment-id=\"952\" data-permalink=\"http:\/\/forst.igbau.nrw\/?attachment_id=952\" data-orig-file=\"https:\/\/i0.wp.com\/forst.igbau.nrw\/wp-content\/uploads\/2019\/04\/DFWR_2019_Wald_im_Burnout.png?fit=1167%2C590\" data-orig-size=\"1167,590\" data-comments-opened=\"1\" data-image-meta=\"{&quot;aperture&quot;:&quot;0&quot;,&quot;credit&quot;:&quot;&quot;,&quot;camera&quot;:&quot;&quot;,&quot;caption&quot;:&quot;&quot;,&quot;created_timestamp&quot;:&quot;0&quot;,&quot;copyright&quot;:&quot;&quot;,&quot;focal_length&quot;:&quot;0&quot;,&quot;iso&quot;:&quot;0&quot;,&quot;shutter_speed&quot;:&quot;0&quot;,&quot;title&quot;:&quot;&quot;,&quot;orientation&quot;:&quot;0&quot;}\" data-image-title=\"DFWR_2019_Wald_im_Burnout\" data-image-description=\"\" data-image-caption=\"\" data-large-file=\"https:\/\/i0.wp.com\/forst.igbau.nrw\/wp-content\/uploads\/2019\/04\/DFWR_2019_Wald_im_Burnout.png?fit=640%2C324\" src=\"https:\/\/i0.wp.com\/forst.igbau.nrw\/wp-content\/uploads\/2019\/04\/DFWR_2019_Wald_im_Burnout.png?resize=512%2C259\" alt=\"\" class=\"wp-image-952\" width=\"512\" height=\"259\" srcset=\"https:\/\/i0.wp.com\/forst.igbau.nrw\/wp-content\/uploads\/2019\/04\/DFWR_2019_Wald_im_Burnout.png?resize=1024%2C518 1024w, https:\/\/i0.wp.com\/forst.igbau.nrw\/wp-content\/uploads\/2019\/04\/DFWR_2019_Wald_im_Burnout.png?resize=300%2C152 300w, https:\/\/i0.wp.com\/forst.igbau.nrw\/wp-content\/uploads\/2019\/04\/DFWR_2019_Wald_im_Burnout.png?resize=768%2C388 768w, https:\/\/i0.wp.com\/forst.igbau.nrw\/wp-content\/uploads\/2019\/04\/DFWR_2019_Wald_im_Burnout.png?w=1167 1167w\" sizes=\"(max-width: 512px) 100vw, 512px\" \/><\/figure><\/div>\n\n\n\n<p>Zum Abschluss der Eingangsworte stellte er zu Recht fest das die Forstwirtschaft nicht das Problem darstellt sondern im Gegenteil ein Teil der L\u00f6sung sein  kann.<\/p>\n\n\n\n<p>Stellvertretend f\u00fcr das Bundesministerium f\u00fcr Ern\u00e4hrung und Landwirtschaft  listete Staastsekret\u00e4r Dr. Aeikens eine kurze \u00dcbersicht der letzten Kalamit\u00e4ten und Wetterextreme auf die den Wald in Deutschland getroffen haben. Und stellte den bishereigen finanziellen Rahmern dar der f\u00fcr den Wald durch die Bundesregierung zur Verf\u00fcgung gestellt wird um die Folgen f\u00fcr den Waldbesitz abzumildern. <\/p>\n\n\n\n<p>Trotz seiner Erkenntnis das die W\u00e4lder unverzichtbar sind und dass diese der ganzen Gesellschaft zugute kommen, sprach er jedoch nur von &#8222;den Anpassungen in den W\u00e4ldern und in unseren K\u00f6pfen.&#8220;<\/p>\n\n\n\n<p>Von einem Umdenken der Gesellschaft im  Umgang mit den nat\u00fcrlichen Ressourcen und \u00fcber die erforderliche Diskussion in der Bundespolitik welche dar\u00fcber hinausgehenden Massnahmen und Schritte f\u00fcr einen Stop der fortschreitenden CO2 Emssionen erforderlich sind sprach er leider nicht.<\/p>\n\n\n\n<p>An finanzieller Unterst\u00fctzung f\u00fchrte Herr Dr. Aeikens an das ca. 25. Mio Euro an zus\u00e4tzliche Mitteln f\u00fcr die <a rel=\"noreferrer noopener\" aria-label=\"GAK (\u00f6ffnet in neuem Tab)\" href=\"https:\/\/www.bmel.de\/DE\/Landwirtschaft\/Foerderung-Agrarsozialpolitik\/GAK\/gak_node.html\" target=\"_blank\">GAK  (Gemeinschaftsaufgabe Agrarstrukur und K\u00fcstenschutz)<\/a> zweckgebunden bereitgestellt worden sind. Wenn diese Unterst\u00fctzung in Relation zu anderen Branchen betrachet erkennt man das die Bundes- und auch Landespolitik noch lange nicht nach gleichen Massst\u00e4ben und zu ungunsten des Waldes und der Forstwirtschaft handelt.<\/p>\n\n\n\n<div class=\"wp-block-image\"><figure class=\"aligncenter is-resized\"><img data-recalc-dims=\"1\" decoding=\"async\" data-attachment-id=\"953\" data-permalink=\"http:\/\/forst.igbau.nrw\/?attachment_id=953\" data-orig-file=\"https:\/\/i0.wp.com\/forst.igbau.nrw\/wp-content\/uploads\/2019\/04\/DFWR_2019_Warnemu%CC%88nde_04.jpg?fit=2592%2C1936\" data-orig-size=\"2592,1936\" data-comments-opened=\"1\" data-image-meta=\"{&quot;aperture&quot;:&quot;2.4&quot;,&quot;credit&quot;:&quot;&quot;,&quot;camera&quot;:&quot;iPad Air&quot;,&quot;caption&quot;:&quot;&quot;,&quot;created_timestamp&quot;:&quot;1554716733&quot;,&quot;copyright&quot;:&quot;&quot;,&quot;focal_length&quot;:&quot;3.3&quot;,&quot;iso&quot;:&quot;64&quot;,&quot;shutter_speed&quot;:&quot;0.04&quot;,&quot;title&quot;:&quot;&quot;,&quot;orientation&quot;:&quot;1&quot;}\" data-image-title=\"DFWR_2019_Warnemu\u0308nde_04\" data-image-description=\"\" data-image-caption=\"\" data-large-file=\"https:\/\/i0.wp.com\/forst.igbau.nrw\/wp-content\/uploads\/2019\/04\/DFWR_2019_Warnemu%CC%88nde_04.jpg?fit=640%2C478\" src=\"https:\/\/i0.wp.com\/forst.igbau.nrw\/wp-content\/uploads\/2019\/04\/DFWR_2019_Warnemu%CC%88nde_04.jpg?resize=640%2C478\" alt=\"\" class=\"wp-image-953\" width=\"640\" height=\"478\" srcset=\"https:\/\/i0.wp.com\/forst.igbau.nrw\/wp-content\/uploads\/2019\/04\/DFWR_2019_Warnemu%CC%88nde_04.jpg?resize=1024%2C765 1024w, https:\/\/i0.wp.com\/forst.igbau.nrw\/wp-content\/uploads\/2019\/04\/DFWR_2019_Warnemu%CC%88nde_04.jpg?resize=300%2C224 300w, https:\/\/i0.wp.com\/forst.igbau.nrw\/wp-content\/uploads\/2019\/04\/DFWR_2019_Warnemu%CC%88nde_04.jpg?resize=768%2C574 768w, https:\/\/i0.wp.com\/forst.igbau.nrw\/wp-content\/uploads\/2019\/04\/DFWR_2019_Warnemu%CC%88nde_04.jpg?w=1280 1280w, https:\/\/i0.wp.com\/forst.igbau.nrw\/wp-content\/uploads\/2019\/04\/DFWR_2019_Warnemu%CC%88nde_04.jpg?w=1920 1920w\" sizes=\"(max-width: 640px) 100vw, 640px\" \/><\/figure><\/div>\n\n\n\n<p>Im Zuge der anschlie\u00dfenden Diskussion mit den teilnehmenden Politikerinnen und Politikern kam unter anderem der Vorschlag auf das sich sowohl das Bundesparlament als auch die Landesparlamente zum Ziel machen sollten jeweils an einem Sitzungstag sich mit dem Thema Wald zu befassen.<\/p>\n\n\n\n<p>Dieser Vorschlag  wurde von den teilnehmenden Politikerinnen und Politikern sowohl auf Bundes- als auch auf Landesbene als nicht sehr realistisch eingesch\u00e4tzt. Leider wird die  &#8222;Systemrelevanz des Deutschen Waldes f\u00fcr die Gesellschaft in der Bundesrepublik&#8220;  noch immer nicht erkannt.<\/p>\n\n\n\n<p>Gerade vor dem Hintergrund der aktuell immer wichtiger werdenden gesellschaftlichen Diskussion zum Klimawandel und den m\u00f6glichen Gegenmassnahmen stellt der Wald einen wichtigen Teil der erforderlichen Reduktion an CO2 dar. Georg Schirmbeck f\u00fchrte dazu an das ohne die Forstwirtschaft alleine in Deutschland ca. 14 % mehr an CO2 Emmissionen freigesetzt w\u00fcrden. <\/p>\n\n\n\n<p>Auf der anschlie\u00dfenden Festveranstaltung sprach der zust\u00e4ndige Minister Til Backhaus \u00fcber die spezielle Situation der W\u00e4lder in Mecklenburg-Vorpommern und die laufenden Umbauten von Nadel- in Mischw\u00e4lder. Insbesondere die geringe Bewaldung und die dar\u00fcber hinaus bestehende Verinselung der Waldgebiete erfordert in Mecklenburg-Vorpommern gro\u00dfe Anstrengungen in der Forstwirtschaft<\/p>\n\n\n\n<p>Minister Backhaus und Georg Schirmbeck lobten zum Schluss der Veranstaltung die Gr\u00fcndung des <a rel=\"noreferrer noopener\" aria-label=\"Kompetenzzentrums Wald und Holz (\u00f6ffnet in neuem Tab)\" href=\"https:\/\/www.kiwuh.de\" target=\"_blank\">Kompetenzzentrums Wald und Holz (KIWUH)<\/a> im mecklenburgischen G\u00fclzwo als eine positive Entwicklung auf Bundesebene f\u00fcr die Wissenschaftliche Unterst\u00fctzung des Waldes in Deutschland. Das im Januar 2019 gestartete Kompetenzzentrum soll im Auftrag des BMEL die <a rel=\"noreferrer noopener\" aria-label=\"FNR (\u00f6ffnet in neuem Tab)\" href=\"https:\/\/www.fnr.de\" target=\"_blank\">FNR<\/a> als Projekttr\u00e4ger f\u00fcr das F\u00f6rderprogramm Nachwachsende Rohstoffe unterst\u00fctzen.  Dar\u00fcber hinaus sollen die derzeit 41 MitarbeiterInnen unter Leitung von Marcus K\u00fchling (Ehemals Deutscher Forstverein) Fach- und Verbraucherinformationen rund um die Themen Wald, nachhaltige Forstwirtschaft und Holzverwendung und deren Beitrag zum Klimaschutz erarbeiten.<\/p>\n\n\n\n<div class=\"wp-block-image\"><figure class=\"aligncenter\"><a href=\"https:\/\/dfwr.de\/index.php\/blog\" target=\"_blank\" rel=\"noreferrer noopener\"><img data-recalc-dims=\"1\" decoding=\"async\" width=\"227\" height=\"117\" data-attachment-id=\"954\" data-permalink=\"http:\/\/forst.igbau.nrw\/?attachment_id=954\" data-orig-file=\"https:\/\/i0.wp.com\/forst.igbau.nrw\/wp-content\/uploads\/2019\/04\/dfwrlogo.jpg?fit=227%2C117\" data-orig-size=\"227,117\" data-comments-opened=\"1\" data-image-meta=\"{&quot;aperture&quot;:&quot;0&quot;,&quot;credit&quot;:&quot;&quot;,&quot;camera&quot;:&quot;&quot;,&quot;caption&quot;:&quot;&quot;,&quot;created_timestamp&quot;:&quot;0&quot;,&quot;copyright&quot;:&quot;&quot;,&quot;focal_length&quot;:&quot;0&quot;,&quot;iso&quot;:&quot;0&quot;,&quot;shutter_speed&quot;:&quot;0&quot;,&quot;title&quot;:&quot;&quot;,&quot;orientation&quot;:&quot;0&quot;}\" data-image-title=\"dfwrlogo\" data-image-description=\"\" data-image-caption=\"\" data-large-file=\"https:\/\/i0.wp.com\/forst.igbau.nrw\/wp-content\/uploads\/2019\/04\/dfwrlogo.jpg?fit=227%2C117\" src=\"https:\/\/i0.wp.com\/forst.igbau.nrw\/wp-content\/uploads\/2019\/04\/dfwrlogo.jpg?resize=227%2C117\" alt=\"\" class=\"wp-image-954\" \/><\/a><\/figure><\/div>\n\n\n\n<p><a href=\"https:\/\/www.dfwr.de\/images\/PDFs\/Warnem\u00fcnder_Erkl\u00e4rung.pdf\" target=\"_blank\" rel=\"noreferrer noopener\" aria-label=\"Warnem\u00fcnder Erkl\u00e4rung (\u00f6ffnet in neuem Tab)\">Warnem\u00fcnder Erkl\u00e4rung<\/a><\/p>\n\n\n\n<p><a rel=\"noreferrer noopener\" aria-label=\"Pressemitteilung des DFWR zur 69. Jahrestagung  (\u00f6ffnet in neuem Tab)\" href=\"https:\/\/dfwr.de\/index.php\/blog\" target=\"_blank\">Pressemitteilung des DFWR zur 69. Jahrestagung <\/a><\/p>\n\n\n\n<p><br><\/p>\n","protected":false},"excerpt":{"rendered":"<p>Das war vom 07. bis zum 09. April das Thema auf der 69. Jahrestagung des Deutschen Forstwirtschaftsrates in Warnem\u00fcnde. Mit der Frage<\/p>\n<p class=\"link-more\"><a class=\"myButt \" href=\"http:\/\/forst.igbau.nrw\/?p=951\">Weitere Infos &#8230;<\/a><\/p>\n","protected":false},"author":2,"featured_media":952,"comment_status":"open","ping_status":"open","sticky":false,"template":"","format":"standard","meta":{"ngg_post_thumbnail":0,"jetpack_post_was_ever_published":false,"_jetpack_newsletter_access":"","_jetpack_dont_email_post_to_subs":false,"_jetpack_newsletter_tier_id":0,"_jetpack_memberships_contains_paywalled_content":false,"_jetpack_memberships_contains_paid_content":false,"footnotes":"","jetpack_publicize_message":"","jetpack_publicize_feature_enabled":true,"jetpack_social_post_already_shared":false,"jetpack_social_options":{"image_generator_settings":{"template":"highway","default_image_id":0,"font":"","enabled":false},"version":2}},"categories":[5],"tags":[],"class_list":["post-951","post","type-post","status-publish","format-standard","has-post-thumbnail","hentry","category-forstwirtschaft"],"jetpack_publicize_connections":[],"jetpack_featured_media_url":"https:\/\/i0.wp.com\/forst.igbau.nrw\/wp-content\/uploads\/2019\/04\/DFWR_2019_Wald_im_Burnout.png?fit=1167%2C590","jetpack_sharing_enabled":true,"jetpack_shortlink":"https:\/\/wp.me\/p8x7f7-fl","jetpack-related-posts":[],"_links":{"self":[{"href":"http:\/\/forst.igbau.nrw\/index.php?rest_route=\/wp\/v2\/posts\/951","targetHints":{"allow":["GET"]}}],"collection":[{"href":"http:\/\/forst.igbau.nrw\/index.php?rest_route=\/wp\/v2\/posts"}],"about":[{"href":"http:\/\/forst.igbau.nrw\/index.php?rest_route=\/wp\/v2\/types\/post"}],"author":[{"embeddable":true,"href":"http:\/\/forst.igbau.nrw\/index.php?rest_route=\/wp\/v2\/users\/2"}],"replies":[{"embeddable":true,"href":"http:\/\/forst.igbau.nrw\/index.php?rest_route=%2Fwp%2Fv2%2Fcomments&post=951"}],"version-history":[{"count":3,"href":"http:\/\/forst.igbau.nrw\/index.php?rest_route=\/wp\/v2\/posts\/951\/revisions"}],"predecessor-version":[{"id":957,"href":"http:\/\/forst.igbau.nrw\/index.php?rest_route=\/wp\/v2\/posts\/951\/revisions\/957"}],"wp:featuredmedia":[{"embeddable":true,"href":"http:\/\/forst.igbau.nrw\/index.php?rest_route=\/wp\/v2\/media\/952"}],"wp:attachment":[{"href":"http:\/\/forst.igbau.nrw\/index.php?rest_route=%2Fwp%2Fv2%2Fmedia&parent=951"}],"wp:term":[{"taxonomy":"category","embeddable":true,"href":"http:\/\/forst.igbau.nrw\/index.php?rest_route=%2Fwp%2Fv2%2Fcategories&post=951"},{"taxonomy":"post_tag","embeddable":true,"href":"http:\/\/forst.igbau.nrw\/index.php?rest_route=%2Fwp%2Fv2%2Ftags&post=951"}],"curies":[{"name":"wp","href":"https:\/\/api.w.org\/{rel}","templated":true}]}}