{"id":988,"date":"2019-05-01T16:24:08","date_gmt":"2019-05-01T16:24:08","guid":{"rendered":"http:\/\/forst.igbau.nrw\/?p=988"},"modified":"2019-05-03T10:12:54","modified_gmt":"2019-05-03T10:12:54","slug":"schutzstrategien-fuer-insekten","status":"publish","type":"post","link":"http:\/\/forst.igbau.nrw\/?p=988","title":{"rendered":"Schutzstrategien f\u00fcr Insekten und Eschentriebsterben"},"content":{"rendered":"\n<p>Auch wenn nicht alle vierbeinigen Exkursionteilnehmer den Inhalten aufmerksam folgten, bestand gro\u00dfes Interesse am Rande der Tagung des Deutschen Forstwirtschaftsrates an den M\u00f6glichkeit zur Teilnahme von forstlichen Exkursionen in der N\u00e4he von Bad Doberan &#8211; Heiligendamm.<\/p>\n\n\n\n<p>Am ersten Exkursionspunkt wurde den Teilnehmern durch den Projektleiter Uwe Gehlhar das Projekt \u201eErarbeitung, Optimierung und Umsetzung von Schutzstrategien f\u00fcr durch Lebensraumfragmentierung gef\u00e4hrdete Insektenpopulationen mit Ma\u00dfnahmen eines wirkungsvollen Biotopverbundes in und au\u00dferhalb von W\u00e4ldern\u201c vorgestellt. <\/p>\n\n\n\n<p>Uwe Gehlhar, Mitarbeiter von Landesforst Mecklenburg Vorpommern erl\u00e4uterte in seinem Vortrag die bisherigen Forschungsergebnisse wonach insbesondere die Verinselung und die Isolation der Populationen von Insektenvorkommen zu einem Aussterben von Arten f\u00fchrt. Dies trifft sowohl auf die Vorkommen in Wald- als auch in anderen Landschaftsformen zu. Um einem Fortschreiten des Artensterbens entgegen zu wirken sollen L\u00f6sungsans\u00e4tze zur Optimierung von Biotopverb\u00fcnden erarbeitet werden, beziehungsweise sind bereits in der Umsetzung.<\/p>\n\n\n\n<div class=\"wp-block-image\"><figure class=\"aligncenter is-resized\"><a href=\"https:\/\/i0.wp.com\/forst.igbau.nrw\/wp-content\/uploads\/2019\/05\/Warnemu%CC%88nde_Exkursion_2019_18.jpg\" target=\"_blank\" rel=\"noreferrer noopener\"><img data-recalc-dims=\"1\" fetchpriority=\"high\" decoding=\"async\" data-attachment-id=\"989\" data-permalink=\"http:\/\/forst.igbau.nrw\/?attachment_id=989\" data-orig-file=\"https:\/\/i0.wp.com\/forst.igbau.nrw\/wp-content\/uploads\/2019\/05\/Warnemu%CC%88nde_Exkursion_2019_18.jpg?fit=1616%2C1212\" data-orig-size=\"1616,1212\" data-comments-opened=\"1\" data-image-meta=\"{&quot;aperture&quot;:&quot;8&quot;,&quot;credit&quot;:&quot;&quot;,&quot;camera&quot;:&quot;DMC-G81&quot;,&quot;caption&quot;:&quot;&quot;,&quot;created_timestamp&quot;:&quot;1554731696&quot;,&quot;copyright&quot;:&quot;&quot;,&quot;focal_length&quot;:&quot;60&quot;,&quot;iso&quot;:&quot;200&quot;,&quot;shutter_speed&quot;:&quot;0.00125&quot;,&quot;title&quot;:&quot;&quot;,&quot;orientation&quot;:&quot;1&quot;}\" data-image-title=\"Warnemu\u0308nde_Exkursion_2019_18\" data-image-description=\"\" data-image-caption=\"\" data-large-file=\"https:\/\/i0.wp.com\/forst.igbau.nrw\/wp-content\/uploads\/2019\/05\/Warnemu%CC%88nde_Exkursion_2019_18.jpg?fit=640%2C480\" src=\"https:\/\/i0.wp.com\/forst.igbau.nrw\/wp-content\/uploads\/2019\/05\/Warnemu%CC%88nde_Exkursion_2019_18.jpg?resize=640%2C480\" alt=\"\" class=\"wp-image-989\" width=\"640\" height=\"480\" srcset=\"https:\/\/i0.wp.com\/forst.igbau.nrw\/wp-content\/uploads\/2019\/05\/Warnemu%CC%88nde_Exkursion_2019_18.jpg?resize=1024%2C768 1024w, https:\/\/i0.wp.com\/forst.igbau.nrw\/wp-content\/uploads\/2019\/05\/Warnemu%CC%88nde_Exkursion_2019_18.jpg?resize=300%2C225 300w, https:\/\/i0.wp.com\/forst.igbau.nrw\/wp-content\/uploads\/2019\/05\/Warnemu%CC%88nde_Exkursion_2019_18.jpg?resize=768%2C576 768w, https:\/\/i0.wp.com\/forst.igbau.nrw\/wp-content\/uploads\/2019\/05\/Warnemu%CC%88nde_Exkursion_2019_18.jpg?w=1616 1616w, https:\/\/i0.wp.com\/forst.igbau.nrw\/wp-content\/uploads\/2019\/05\/Warnemu%CC%88nde_Exkursion_2019_18.jpg?w=1280 1280w\" sizes=\"(max-width: 640px) 100vw, 640px\" \/><\/a><figcaption>Exkursionspunkt<\/figcaption><\/figure><\/div>\n\n\n\n<p>Das bereits im Ende 2018 begonnene Projekt l\u00e4uft noch bis Ende 2021 und soll abschlie\u00dfend in einem Leitfaden und in Handlungsstategien zu einem Verbund von Biotopen sowohl im Wald als auch andere Landnutzungsformen zum Zwecke des Insektenschutzes m\u00fcnden.<\/p>\n\n\n\n<div class=\"wp-block-image\"><figure class=\"aligncenter is-resized\"><img data-recalc-dims=\"1\" decoding=\"async\" data-attachment-id=\"994\" data-permalink=\"http:\/\/forst.igbau.nrw\/?attachment_id=994\" data-orig-file=\"https:\/\/i0.wp.com\/forst.igbau.nrw\/wp-content\/uploads\/2019\/05\/Warnemu%CC%88nde_Exkursion_2019_21.jpg?fit=1616%2C1212\" data-orig-size=\"1616,1212\" data-comments-opened=\"1\" data-image-meta=\"{&quot;aperture&quot;:&quot;11&quot;,&quot;credit&quot;:&quot;&quot;,&quot;camera&quot;:&quot;DMC-G81&quot;,&quot;caption&quot;:&quot;&quot;,&quot;created_timestamp&quot;:&quot;1554731776&quot;,&quot;copyright&quot;:&quot;&quot;,&quot;focal_length&quot;:&quot;33&quot;,&quot;iso&quot;:&quot;200&quot;,&quot;shutter_speed&quot;:&quot;0.000625&quot;,&quot;title&quot;:&quot;&quot;,&quot;orientation&quot;:&quot;1&quot;}\" data-image-title=\"Warnemu\u0308nde_Exkursion_2019_21\" data-image-description=\"\" data-image-caption=\"\" data-large-file=\"https:\/\/i0.wp.com\/forst.igbau.nrw\/wp-content\/uploads\/2019\/05\/Warnemu%CC%88nde_Exkursion_2019_21.jpg?fit=640%2C480\" src=\"https:\/\/i0.wp.com\/forst.igbau.nrw\/wp-content\/uploads\/2019\/05\/Warnemu%CC%88nde_Exkursion_2019_21.jpg?resize=512%2C384\" alt=\"\" class=\"wp-image-994\" width=\"512\" height=\"384\" srcset=\"https:\/\/i0.wp.com\/forst.igbau.nrw\/wp-content\/uploads\/2019\/05\/Warnemu%CC%88nde_Exkursion_2019_21.jpg?resize=1024%2C768 1024w, https:\/\/i0.wp.com\/forst.igbau.nrw\/wp-content\/uploads\/2019\/05\/Warnemu%CC%88nde_Exkursion_2019_21.jpg?resize=300%2C225 300w, https:\/\/i0.wp.com\/forst.igbau.nrw\/wp-content\/uploads\/2019\/05\/Warnemu%CC%88nde_Exkursion_2019_21.jpg?resize=768%2C576 768w, https:\/\/i0.wp.com\/forst.igbau.nrw\/wp-content\/uploads\/2019\/05\/Warnemu%CC%88nde_Exkursion_2019_21.jpg?w=1616 1616w, https:\/\/i0.wp.com\/forst.igbau.nrw\/wp-content\/uploads\/2019\/05\/Warnemu%CC%88nde_Exkursion_2019_21.jpg?w=1280 1280w\" sizes=\"(max-width: 512px) 100vw, 512px\" \/><figcaption>Foto:Urwaldreliktarten<\/figcaption><\/figure><\/div>\n\n\n\n<p>Und damit dem Waldbesitz, Beh\u00f6rden und Gesellschaft unterst\u00fctzen die Artenvielfalt zu erhalten bzw. wieder zu verbessern.<\/p>\n\n\n\n<div class=\"wp-block-image\"><figure class=\"aligncenter\"><a href=\"https:\/\/pflanzen.fnr.de\/projekte\/insektenfoerderung\/\" target=\"_blank\" rel=\"noreferrer noopener\"><img data-recalc-dims=\"1\" decoding=\"async\" width=\"209\" height=\"84\" data-attachment-id=\"992\" data-permalink=\"http:\/\/forst.igbau.nrw\/?attachment_id=992\" data-orig-file=\"https:\/\/i0.wp.com\/forst.igbau.nrw\/wp-content\/uploads\/2019\/05\/FNR_Logo.png?fit=209%2C84\" data-orig-size=\"209,84\" data-comments-opened=\"1\" data-image-meta=\"{&quot;aperture&quot;:&quot;0&quot;,&quot;credit&quot;:&quot;&quot;,&quot;camera&quot;:&quot;&quot;,&quot;caption&quot;:&quot;&quot;,&quot;created_timestamp&quot;:&quot;0&quot;,&quot;copyright&quot;:&quot;&quot;,&quot;focal_length&quot;:&quot;0&quot;,&quot;iso&quot;:&quot;0&quot;,&quot;shutter_speed&quot;:&quot;0&quot;,&quot;title&quot;:&quot;&quot;,&quot;orientation&quot;:&quot;0&quot;}\" data-image-title=\"FNR_Logo\" data-image-description=\"\" data-image-caption=\"\" data-large-file=\"https:\/\/i0.wp.com\/forst.igbau.nrw\/wp-content\/uploads\/2019\/05\/FNR_Logo.png?fit=209%2C84\" src=\"https:\/\/i0.wp.com\/forst.igbau.nrw\/wp-content\/uploads\/2019\/05\/FNR_Logo.png?resize=209%2C84\" alt=\"\" class=\"wp-image-992\" \/><\/a><\/figure><\/div>\n\n\n\n<p>Unter dem Logo des FNR finden Sie die Projektbeschreibung.<\/p>\n\n\n\n<p><strong>Am<\/strong> zweiten Exkursionspunkt stellten die Kollegen aus Mecklenburg-Vorpommern das Verbundvorhaben <a rel=\"noreferrer noopener\" aria-label=\"ResEsche (\u00f6ffnet in neuem Tab)\" href=\"https:\/\/www.kiwuh.de\/projekte-und-foerderung\/projekte\/genetik-und-zuechtung\/erhalt-der-gemeinen-esche-durch-resistentes-eschensaatgut-resesche\/\" target=\"_blank\">ResEsche<\/a> vor. Gerade die gro\u00dffl\u00e4chigen Eschenbest\u00e4nde in Mecklenburg-Vorpommern mit einer standortbedingten Ausdehnung von ca. 16.000 ha sind f\u00fcr eine Zukunft einer naturnahen Forstwirtschaft in der Region unersetzlich. Um dem massiven Eschentriebsterben der Best\u00e4nde durch den Pilz Hymenoscyphus pseudoalbidus entgegen zu wirken soll mit diesem Projekt eine m\u00f6glichst schnelle Wiederbestockung der Best\u00e4nde erm\u00f6glicht werden.<\/p>\n\n\n\n<div class=\"wp-block-image\"><figure class=\"aligncenter\"><img data-recalc-dims=\"1\" loading=\"lazy\" decoding=\"async\" width=\"640\" height=\"480\" data-attachment-id=\"996\" data-permalink=\"http:\/\/forst.igbau.nrw\/?attachment_id=996\" data-orig-file=\"https:\/\/i0.wp.com\/forst.igbau.nrw\/wp-content\/uploads\/2019\/05\/Warnemu%CC%88nde_Exkursion_2019_06.jpg?fit=1616%2C1212\" data-orig-size=\"1616,1212\" data-comments-opened=\"1\" data-image-meta=\"{&quot;aperture&quot;:&quot;8&quot;,&quot;credit&quot;:&quot;&quot;,&quot;camera&quot;:&quot;DMC-G81&quot;,&quot;caption&quot;:&quot;&quot;,&quot;created_timestamp&quot;:&quot;1554730560&quot;,&quot;copyright&quot;:&quot;&quot;,&quot;focal_length&quot;:&quot;15&quot;,&quot;iso&quot;:&quot;200&quot;,&quot;shutter_speed&quot;:&quot;0.0025&quot;,&quot;title&quot;:&quot;&quot;,&quot;orientation&quot;:&quot;1&quot;}\" data-image-title=\"Warnemu\u0308nde_Exkursion_2019_06\" data-image-description=\"\" data-image-caption=\"\" data-large-file=\"https:\/\/i0.wp.com\/forst.igbau.nrw\/wp-content\/uploads\/2019\/05\/Warnemu%CC%88nde_Exkursion_2019_06.jpg?fit=640%2C480\" src=\"https:\/\/i0.wp.com\/forst.igbau.nrw\/wp-content\/uploads\/2019\/05\/Warnemu%CC%88nde_Exkursion_2019_06.jpg?resize=640%2C480\" alt=\"\" class=\"wp-image-996\" srcset=\"https:\/\/i0.wp.com\/forst.igbau.nrw\/wp-content\/uploads\/2019\/05\/Warnemu%CC%88nde_Exkursion_2019_06.jpg?resize=1024%2C768 1024w, https:\/\/i0.wp.com\/forst.igbau.nrw\/wp-content\/uploads\/2019\/05\/Warnemu%CC%88nde_Exkursion_2019_06.jpg?resize=300%2C225 300w, https:\/\/i0.wp.com\/forst.igbau.nrw\/wp-content\/uploads\/2019\/05\/Warnemu%CC%88nde_Exkursion_2019_06.jpg?resize=768%2C576 768w, https:\/\/i0.wp.com\/forst.igbau.nrw\/wp-content\/uploads\/2019\/05\/Warnemu%CC%88nde_Exkursion_2019_06.jpg?w=1616 1616w, https:\/\/i0.wp.com\/forst.igbau.nrw\/wp-content\/uploads\/2019\/05\/Warnemu%CC%88nde_Exkursion_2019_06.jpg?w=1280 1280w\" sizes=\"(max-width: 640px) 100vw, 640px\" \/><figcaption>Exkursionspunkt ResEsche<\/figcaption><\/figure><\/div>\n\n\n\n<p>In diesem Verbundprojekt unter Beteiligung von  Landesforst Mecklenburg-Vorpommern dem Institut f\u00fcr Forstgenetik des Johann Heinrich von Th\u00fcnen-Instituts wird daran gearbeitet eine Samenplantage zur Erzeugung von resistentem Eschensaatgut aufzubauen. <a href=\"https:\/\/www.fnr.de\/index.php?id=11150&amp;fkz=22019815\" target=\"_blank\" rel=\"noreferrer noopener\" aria-label=\"Das Projekt (\u00f6ffnet in neuem Tab)\">Das Projekt<\/a> wird vom Bundeslandwirtschaftsministerium (BMEL) \u00fcber seinen Projekttr\u00e4ger, die Fachagentur Nachwachsende Rohstoffe e. V. (FNR), gef\u00f6rdert.<\/p>\n\n\n\n<br>\n\n\n\n<br>\n\n\n\n<br>\n\n\n\n<br>\n","protected":false},"excerpt":{"rendered":"<p>Auch wenn nicht alle vierbeinigen Exkursionteilnehmer den Inhalten aufmerksam folgten, bestand gro\u00dfes Interesse am Rande der Tagung des Deutschen Forstwirtschaftsrates an den<\/p>\n<p class=\"link-more\"><a class=\"myButt \" href=\"http:\/\/forst.igbau.nrw\/?p=988\">Weitere Infos &#8230;<\/a><\/p>\n","protected":false},"author":2,"featured_media":997,"comment_status":"open","ping_status":"open","sticky":false,"template":"","format":"standard","meta":{"ngg_post_thumbnail":0,"jetpack_post_was_ever_published":false,"_jetpack_newsletter_access":"","_jetpack_dont_email_post_to_subs":false,"_jetpack_newsletter_tier_id":0,"_jetpack_memberships_contains_paywalled_content":false,"_jetpack_memberships_contains_paid_content":false,"footnotes":"","jetpack_publicize_message":"","jetpack_publicize_feature_enabled":true,"jetpack_social_post_already_shared":false,"jetpack_social_options":{"image_generator_settings":{"template":"highway","default_image_id":0,"font":"","enabled":false},"version":2}},"categories":[5],"tags":[],"class_list":["post-988","post","type-post","status-publish","format-standard","has-post-thumbnail","hentry","category-forstwirtschaft"],"jetpack_publicize_connections":[],"jetpack_featured_media_url":"https:\/\/i0.wp.com\/forst.igbau.nrw\/wp-content\/uploads\/2019\/05\/Warnemu%CC%88nde_Exkursion_2019_24.jpg?fit=1159%2C869","jetpack_sharing_enabled":true,"jetpack_shortlink":"https:\/\/wp.me\/p8x7f7-fW","jetpack-related-posts":[],"_links":{"self":[{"href":"http:\/\/forst.igbau.nrw\/index.php?rest_route=\/wp\/v2\/posts\/988","targetHints":{"allow":["GET"]}}],"collection":[{"href":"http:\/\/forst.igbau.nrw\/index.php?rest_route=\/wp\/v2\/posts"}],"about":[{"href":"http:\/\/forst.igbau.nrw\/index.php?rest_route=\/wp\/v2\/types\/post"}],"author":[{"embeddable":true,"href":"http:\/\/forst.igbau.nrw\/index.php?rest_route=\/wp\/v2\/users\/2"}],"replies":[{"embeddable":true,"href":"http:\/\/forst.igbau.nrw\/index.php?rest_route=%2Fwp%2Fv2%2Fcomments&post=988"}],"version-history":[{"count":6,"href":"http:\/\/forst.igbau.nrw\/index.php?rest_route=\/wp\/v2\/posts\/988\/revisions"}],"predecessor-version":[{"id":999,"href":"http:\/\/forst.igbau.nrw\/index.php?rest_route=\/wp\/v2\/posts\/988\/revisions\/999"}],"wp:featuredmedia":[{"embeddable":true,"href":"http:\/\/forst.igbau.nrw\/index.php?rest_route=\/wp\/v2\/media\/997"}],"wp:attachment":[{"href":"http:\/\/forst.igbau.nrw\/index.php?rest_route=%2Fwp%2Fv2%2Fmedia&parent=988"}],"wp:term":[{"taxonomy":"category","embeddable":true,"href":"http:\/\/forst.igbau.nrw\/index.php?rest_route=%2Fwp%2Fv2%2Fcategories&post=988"},{"taxonomy":"post_tag","embeddable":true,"href":"http:\/\/forst.igbau.nrw\/index.php?rest_route=%2Fwp%2Fv2%2Ftags&post=988"}],"curies":[{"name":"wp","href":"https:\/\/api.w.org\/{rel}","templated":true}]}}